{"id":4978,"date":"2009-06-10T17:48:03","date_gmt":"2009-06-10T15:48:03","guid":{"rendered":"http:\/\/www.diabsite.de\/diabetes-weblog\/?p=4978"},"modified":"2009-06-29T08:54:30","modified_gmt":"2009-06-29T06:54:30","slug":"gesundheitsreform-verfassungsgemas","status":"publish","type":"post","link":"https:\/\/www.diabsite.de\/diabetes-weblog\/2009\/06\/10\/gesundheitsreform-verfassungsgemas\/","title":{"rendered":"Gesundheitsreform verfassungsgem\u00e4\u00df"},"content":{"rendered":"<p>Heute hat das Bundesverfassungsgericht \u00fcber mehrere Verfassungsbeschwerden von Unternehmen der privaten Krankenversicherung entschieden, die gegen die Gesundheitsreform gerichtet waren. Die Verfassungsbeschwerden wurden in den zentralen Punkten f\u00fcr nicht zul\u00e4ssig erachtet bzw. als unbegr\u00fcndet abgewiesen. <a href=\"https:\/\/www.diabsite.de\/aktuelles\/nachrichten\/2009\/090610b.html\" target=\"_blank\" class=\"ds\" title=\"zur Nachricht (neues Fenster)\">Nachricht lesen<\/a> <\/p>\n","protected":false},"excerpt":{"rendered":"<p>Heute hat das Bundesverfassungsgericht \u00fcber mehrere Verfassungsbeschwerden von Unternehmen der privaten Krankenversicherung entschieden, die gegen die Gesundheitsreform gerichtet waren. Die Verfassungsbeschwerden wurden in den zentralen Punkten f\u00fcr nicht zul\u00e4ssig erachtet bzw. als unbegr\u00fcndet abgewiesen. Nachricht lesen<\/p>\n","protected":false},"author":4,"featured_media":0,"comment_status":"closed","ping_status":"open","sticky":false,"template":"","format":"standard","meta":{"footnotes":""},"categories":[2],"tags":[],"_links":{"self":[{"href":"https:\/\/www.diabsite.de\/diabetes-weblog\/wp-json\/wp\/v2\/posts\/4978"}],"collection":[{"href":"https:\/\/www.diabsite.de\/diabetes-weblog\/wp-json\/wp\/v2\/posts"}],"about":[{"href":"https:\/\/www.diabsite.de\/diabetes-weblog\/wp-json\/wp\/v2\/types\/post"}],"author":[{"embeddable":true,"href":"https:\/\/www.diabsite.de\/diabetes-weblog\/wp-json\/wp\/v2\/users\/4"}],"replies":[{"embeddable":true,"href":"https:\/\/www.diabsite.de\/diabetes-weblog\/wp-json\/wp\/v2\/comments?post=4978"}],"version-history":[{"count":2,"href":"https:\/\/www.diabsite.de\/diabetes-weblog\/wp-json\/wp\/v2\/posts\/4978\/revisions"}],"predecessor-version":[{"id":4980,"href":"https:\/\/www.diabsite.de\/diabetes-weblog\/wp-json\/wp\/v2\/posts\/4978\/revisions\/4980"}],"wp:attachment":[{"href":"https:\/\/www.diabsite.de\/diabetes-weblog\/wp-json\/wp\/v2\/media?parent=4978"}],"wp:term":[{"taxonomy":"category","embeddable":true,"href":"https:\/\/www.diabsite.de\/diabetes-weblog\/wp-json\/wp\/v2\/categories?post=4978"},{"taxonomy":"post_tag","embeddable":true,"href":"https:\/\/www.diabsite.de\/diabetes-weblog\/wp-json\/wp\/v2\/tags?post=4978"}],"curies":[{"name":"wp","href":"https:\/\/api.w.org\/{rel}","templated":true}]}}