{"id":4975,"date":"2009-06-16T21:35:27","date_gmt":"2009-06-16T19:35:27","guid":{"rendered":"http:\/\/www.diabsite.de\/diabetes-weblog\/?p=4975"},"modified":"2009-06-29T08:42:23","modified_gmt":"2009-06-29T06:42:23","slug":"bpi-fordert-senkung-der-mehrwertsteuer-auf-arzneimittel","status":"publish","type":"post","link":"https:\/\/www.diabsite.de\/diabetes-weblog\/2009\/06\/16\/bpi-fordert-senkung-der-mehrwertsteuer-auf-arzneimittel\/","title":{"rendered":"BPI fordert Senkung der Mehrwertsteuer auf Arzneimittel"},"content":{"rendered":"<p>Anl\u00e4sslich seiner Jahreshauptversammlung in D\u00fcsseldorf hat der BPI seine Forderung, die Mehrwertsteuer auf Arzneimittel zu reduzieren, wiederholt. &#8222;Wir brauchen hier endlich eine klare und schnelle Entscheidung. Nahezu alle europ\u00e4ischen L\u00e4nder haben die reduzierte Mehrwertsteuer und auch die Bundesgesundheitsministerin hat sich schon \u00f6ffentlich daf\u00fcr ausgesprochen. Jetzt muss sie auch ihren Worten endlich Taten folgen lassen&#8220; erkl\u00e4rte Dr.&nbsp;Bernd Wegener, Vorsitzender des&nbsp;BPI. <a href=\"https:\/\/www.diabsite.de\/aktuelles\/nachrichten\/2009\/090616c.html\" target=\"_blank\" class=\"ds\" title=\"zur Nachricht (neues Fenster)\">Nachricht lesen<\/a> <\/p>\n","protected":false},"excerpt":{"rendered":"<p>Anl\u00e4sslich seiner Jahreshauptversammlung in D\u00fcsseldorf hat der BPI seine Forderung, die Mehrwertsteuer auf Arzneimittel zu reduzieren, wiederholt. &#8222;Wir brauchen hier endlich eine klare und schnelle Entscheidung. Nahezu alle europ\u00e4ischen L\u00e4nder haben die reduzierte Mehrwertsteuer und auch die Bundesgesundheitsministerin hat sich schon \u00f6ffentlich daf\u00fcr ausgesprochen. Jetzt muss sie auch ihren Worten endlich Taten folgen lassen&#8220; erkl\u00e4rte [&hellip;]<\/p>\n","protected":false},"author":4,"featured_media":0,"comment_status":"closed","ping_status":"open","sticky":false,"template":"","format":"standard","meta":{"footnotes":""},"categories":[2],"tags":[],"_links":{"self":[{"href":"https:\/\/www.diabsite.de\/diabetes-weblog\/wp-json\/wp\/v2\/posts\/4975"}],"collection":[{"href":"https:\/\/www.diabsite.de\/diabetes-weblog\/wp-json\/wp\/v2\/posts"}],"about":[{"href":"https:\/\/www.diabsite.de\/diabetes-weblog\/wp-json\/wp\/v2\/types\/post"}],"author":[{"embeddable":true,"href":"https:\/\/www.diabsite.de\/diabetes-weblog\/wp-json\/wp\/v2\/users\/4"}],"replies":[{"embeddable":true,"href":"https:\/\/www.diabsite.de\/diabetes-weblog\/wp-json\/wp\/v2\/comments?post=4975"}],"version-history":[{"count":2,"href":"https:\/\/www.diabsite.de\/diabetes-weblog\/wp-json\/wp\/v2\/posts\/4975\/revisions"}],"predecessor-version":[{"id":4977,"href":"https:\/\/www.diabsite.de\/diabetes-weblog\/wp-json\/wp\/v2\/posts\/4975\/revisions\/4977"}],"wp:attachment":[{"href":"https:\/\/www.diabsite.de\/diabetes-weblog\/wp-json\/wp\/v2\/media?parent=4975"}],"wp:term":[{"taxonomy":"category","embeddable":true,"href":"https:\/\/www.diabsite.de\/diabetes-weblog\/wp-json\/wp\/v2\/categories?post=4975"},{"taxonomy":"post_tag","embeddable":true,"href":"https:\/\/www.diabsite.de\/diabetes-weblog\/wp-json\/wp\/v2\/tags?post=4975"}],"curies":[{"name":"wp","href":"https:\/\/api.w.org\/{rel}","templated":true}]}}