{"id":4929,"date":"2009-06-22T20:43:36","date_gmt":"2009-06-22T18:43:36","guid":{"rendered":"http:\/\/www.diabsite.de\/diabetes-weblog\/?p=4929"},"modified":"2009-06-22T20:43:36","modified_gmt":"2009-06-22T18:43:36","slug":"telemediziner-in-nrw-stellen-sich-auf","status":"publish","type":"post","link":"https:\/\/www.diabsite.de\/diabetes-weblog\/2009\/06\/22\/telemediziner-in-nrw-stellen-sich-auf\/","title":{"rendered":"Telemediziner in NRW stellen sich auf"},"content":{"rendered":"<p>Um mit vereinten Kr\u00e4ften den Aufbau einer fl\u00e4chendeckenden telemedizinischen Versorgung in Nordrhein-Westfalen zu unterst\u00fctzen, haben vergangenen Donnerstag F\u00f6rderer, Gestalter und Telemediziner im Rahmen eines Telemedizin-Symposiums den Landesverband&nbsp;NRW der Deutschen Gesellschaft f\u00fcr Telemedizin gegr\u00fcndet. <a href=\"https:\/\/www.diabsite.de\/aktuelles\/nachrichten\/2009\/090622b.html\" target=\"_blank\" class=\"ds\" title=\"zur Nachricht (neues Fenster)\">Nachricht lesen<\/a> <\/p>\n","protected":false},"excerpt":{"rendered":"<p>Um mit vereinten Kr\u00e4ften den Aufbau einer fl\u00e4chendeckenden telemedizinischen Versorgung in Nordrhein-Westfalen zu unterst\u00fctzen, haben vergangenen Donnerstag F\u00f6rderer, Gestalter und Telemediziner im Rahmen eines Telemedizin-Symposiums den Landesverband&nbsp;NRW der Deutschen Gesellschaft f\u00fcr Telemedizin gegr\u00fcndet. Nachricht lesen<\/p>\n","protected":false},"author":4,"featured_media":0,"comment_status":"closed","ping_status":"open","sticky":false,"template":"","format":"standard","meta":{"footnotes":""},"categories":[2],"tags":[],"_links":{"self":[{"href":"https:\/\/www.diabsite.de\/diabetes-weblog\/wp-json\/wp\/v2\/posts\/4929"}],"collection":[{"href":"https:\/\/www.diabsite.de\/diabetes-weblog\/wp-json\/wp\/v2\/posts"}],"about":[{"href":"https:\/\/www.diabsite.de\/diabetes-weblog\/wp-json\/wp\/v2\/types\/post"}],"author":[{"embeddable":true,"href":"https:\/\/www.diabsite.de\/diabetes-weblog\/wp-json\/wp\/v2\/users\/4"}],"replies":[{"embeddable":true,"href":"https:\/\/www.diabsite.de\/diabetes-weblog\/wp-json\/wp\/v2\/comments?post=4929"}],"version-history":[{"count":2,"href":"https:\/\/www.diabsite.de\/diabetes-weblog\/wp-json\/wp\/v2\/posts\/4929\/revisions"}],"predecessor-version":[{"id":4931,"href":"https:\/\/www.diabsite.de\/diabetes-weblog\/wp-json\/wp\/v2\/posts\/4929\/revisions\/4931"}],"wp:attachment":[{"href":"https:\/\/www.diabsite.de\/diabetes-weblog\/wp-json\/wp\/v2\/media?parent=4929"}],"wp:term":[{"taxonomy":"category","embeddable":true,"href":"https:\/\/www.diabsite.de\/diabetes-weblog\/wp-json\/wp\/v2\/categories?post=4929"},{"taxonomy":"post_tag","embeddable":true,"href":"https:\/\/www.diabsite.de\/diabetes-weblog\/wp-json\/wp\/v2\/tags?post=4929"}],"curies":[{"name":"wp","href":"https:\/\/api.w.org\/{rel}","templated":true}]}}