{"id":4918,"date":"2009-06-22T16:40:39","date_gmt":"2009-06-22T14:40:39","guid":{"rendered":"http:\/\/www.diabsite.de\/diabetes-weblog\/?p=4918"},"modified":"2009-06-22T18:48:52","modified_gmt":"2009-06-22T16:48:52","slug":"wann-ist-ubergewicht-nicht-gefahrlich","status":"publish","type":"post","link":"https:\/\/www.diabsite.de\/diabetes-weblog\/2009\/06\/22\/wann-ist-ubergewicht-nicht-gefahrlich\/","title":{"rendered":"Wann ist \u00dcbergewicht nicht gef\u00e4hrlich?"},"content":{"rendered":"<p>Wer zu dick ist, wird krank &#8211; diese Botschaft z\u00e4hlt zu den Grundaussagen unz\u00e4hliger Zeitungs- und Fernsehbeitr\u00e4ge zu Gesundheitsthemen. F\u00fcr Prof.&nbsp;Dr.&nbsp;Ulrich-Alfons M\u00fcller, Diabetes-Experte an der Klinik f\u00fcr Innere Medizin&nbsp;III des Universit\u00e4tsklinikums Jena, ist das viel zu pauschal: &#8222;Es ist unfair, Menschen allein wegen ihres \u00dcbergewichts als krank zu deklarieren.&#8220; Am 24. Juni wird Prof.&nbsp;M\u00fcller im Rahmen einer Abendvorlesung dar\u00fcber sprechen, wann Dicksein krankhaft ist und behandelt werden muss. <a href=\"https:\/\/www.diabsite.de\/aktuelles\/nachrichten\/2009\/090622.html\" target=\"_blank\" class=\"ds\" title=\"zur Nachricht (neues Fenster)\">Nachricht lesen<\/a> <\/p>\n","protected":false},"excerpt":{"rendered":"<p>Wer zu dick ist, wird krank &#8211; diese Botschaft z\u00e4hlt zu den Grundaussagen unz\u00e4hliger Zeitungs- und Fernsehbeitr\u00e4ge zu Gesundheitsthemen. F\u00fcr Prof.&nbsp;Dr.&nbsp;Ulrich-Alfons M\u00fcller, Diabetes-Experte an der Klinik f\u00fcr Innere Medizin&nbsp;III des Universit\u00e4tsklinikums Jena, ist das viel zu pauschal: &#8222;Es ist unfair, Menschen allein wegen ihres \u00dcbergewichts als krank zu deklarieren.&#8220; Am 24. Juni wird Prof.&nbsp;M\u00fcller im [&hellip;]<\/p>\n","protected":false},"author":4,"featured_media":0,"comment_status":"closed","ping_status":"open","sticky":false,"template":"","format":"standard","meta":{"footnotes":""},"categories":[2],"tags":[],"_links":{"self":[{"href":"https:\/\/www.diabsite.de\/diabetes-weblog\/wp-json\/wp\/v2\/posts\/4918"}],"collection":[{"href":"https:\/\/www.diabsite.de\/diabetes-weblog\/wp-json\/wp\/v2\/posts"}],"about":[{"href":"https:\/\/www.diabsite.de\/diabetes-weblog\/wp-json\/wp\/v2\/types\/post"}],"author":[{"embeddable":true,"href":"https:\/\/www.diabsite.de\/diabetes-weblog\/wp-json\/wp\/v2\/users\/4"}],"replies":[{"embeddable":true,"href":"https:\/\/www.diabsite.de\/diabetes-weblog\/wp-json\/wp\/v2\/comments?post=4918"}],"version-history":[{"count":2,"href":"https:\/\/www.diabsite.de\/diabetes-weblog\/wp-json\/wp\/v2\/posts\/4918\/revisions"}],"predecessor-version":[{"id":4920,"href":"https:\/\/www.diabsite.de\/diabetes-weblog\/wp-json\/wp\/v2\/posts\/4918\/revisions\/4920"}],"wp:attachment":[{"href":"https:\/\/www.diabsite.de\/diabetes-weblog\/wp-json\/wp\/v2\/media?parent=4918"}],"wp:term":[{"taxonomy":"category","embeddable":true,"href":"https:\/\/www.diabsite.de\/diabetes-weblog\/wp-json\/wp\/v2\/categories?post=4918"},{"taxonomy":"post_tag","embeddable":true,"href":"https:\/\/www.diabsite.de\/diabetes-weblog\/wp-json\/wp\/v2\/tags?post=4918"}],"curies":[{"name":"wp","href":"https:\/\/api.w.org\/{rel}","templated":true}]}}