{"id":4846,"date":"2009-06-15T19:18:49","date_gmt":"2009-06-15T17:18:49","guid":{"rendered":"http:\/\/www.diabsite.de\/diabetes-weblog\/?p=4846"},"modified":"2009-06-15T22:51:21","modified_gmt":"2009-06-15T20:51:21","slug":"4846","status":"publish","type":"post","link":"https:\/\/www.diabsite.de\/diabetes-weblog\/2009\/06\/15\/4846\/","title":{"rendered":"Fehlendes Gen macht M\u00e4use fett"},"content":{"rendered":"<p><a href=\"https:\/\/www.diabsite.de\/aktuelles\/nachrichten\/2009\/090615b.html\" target=\"_blank\" class=\"ds\" title=\"zur Nachricht (neues Fenster)\"><img loading=\"lazy\" decoding=\"async\" class=\"alignright\" src=\"https:\/\/www.diabsite.de\/diabetes-weblog\/wp-content\/images\/2009\/090615b.jpg\" width=\"150\" height=\"99\" alt=\"Nscl-2 defiziente und gleichaltrige Wildtyp-Maus\" \/><\/a> Die Fettregulation im K\u00f6rper ist sehr komplex: Das Gehirn spielt eine wichtige Rolle dabei und passt die Nahrungsaufnahme an den tats\u00e4chlichen Energieverbrauch an. Neu ist, dass auch Nerven, die au\u00dferhalb des Gehirns und des R\u00fcckenmarks liegen, an diesem fein abgestimmten Prozess beteiligt sind. Das haben Forscher vom Max-Planck-Institut f\u00fcr Herz- und Lungenforschung nun herausgefunden. <a href=\"https:\/\/www.diabsite.de\/aktuelles\/nachrichten\/2009\/090615b.html\" target=\"_blank\" class=\"ds\" title=\"zur Nachricht (neues Fenster)\">Nachricht lesen<\/a> <\/p>\n","protected":false},"excerpt":{"rendered":"<p>Die Fettregulation im K\u00f6rper ist sehr komplex: Das Gehirn spielt eine wichtige Rolle dabei und passt die Nahrungsaufnahme an den tats\u00e4chlichen Energieverbrauch an. Neu ist, dass auch Nerven, die au\u00dferhalb des Gehirns und des R\u00fcckenmarks liegen, an diesem fein abgestimmten Prozess beteiligt sind. Das haben Forscher vom Max-Planck-Institut f\u00fcr Herz- und Lungenforschung nun herausgefunden. Nachricht [&hellip;]<\/p>\n","protected":false},"author":4,"featured_media":0,"comment_status":"closed","ping_status":"open","sticky":false,"template":"","format":"standard","meta":{"footnotes":""},"categories":[2],"tags":[],"_links":{"self":[{"href":"https:\/\/www.diabsite.de\/diabetes-weblog\/wp-json\/wp\/v2\/posts\/4846"}],"collection":[{"href":"https:\/\/www.diabsite.de\/diabetes-weblog\/wp-json\/wp\/v2\/posts"}],"about":[{"href":"https:\/\/www.diabsite.de\/diabetes-weblog\/wp-json\/wp\/v2\/types\/post"}],"author":[{"embeddable":true,"href":"https:\/\/www.diabsite.de\/diabetes-weblog\/wp-json\/wp\/v2\/users\/4"}],"replies":[{"embeddable":true,"href":"https:\/\/www.diabsite.de\/diabetes-weblog\/wp-json\/wp\/v2\/comments?post=4846"}],"version-history":[{"count":3,"href":"https:\/\/www.diabsite.de\/diabetes-weblog\/wp-json\/wp\/v2\/posts\/4846\/revisions"}],"predecessor-version":[{"id":4849,"href":"https:\/\/www.diabsite.de\/diabetes-weblog\/wp-json\/wp\/v2\/posts\/4846\/revisions\/4849"}],"wp:attachment":[{"href":"https:\/\/www.diabsite.de\/diabetes-weblog\/wp-json\/wp\/v2\/media?parent=4846"}],"wp:term":[{"taxonomy":"category","embeddable":true,"href":"https:\/\/www.diabsite.de\/diabetes-weblog\/wp-json\/wp\/v2\/categories?post=4846"},{"taxonomy":"post_tag","embeddable":true,"href":"https:\/\/www.diabsite.de\/diabetes-weblog\/wp-json\/wp\/v2\/tags?post=4846"}],"curies":[{"name":"wp","href":"https:\/\/api.w.org\/{rel}","templated":true}]}}