{"id":48388,"date":"2018-08-21T17:46:31","date_gmt":"2018-08-21T15:46:31","guid":{"rendered":"http:\/\/www.diabsite.de\/diabetes-weblog\/?p=48388"},"modified":"2018-08-22T22:31:39","modified_gmt":"2018-08-22T20:31:39","slug":"diabetes-aufklaerungsaktion-geht-in-saarbruecken-neue-wege","status":"publish","type":"post","link":"https:\/\/www.diabsite.de\/diabetes-weblog\/2018\/08\/21\/diabetes-aufklaerungsaktion-geht-in-saarbruecken-neue-wege\/","title":{"rendered":"Diabetes-Aufkl\u00e4rungsaktion geht in Saarbr\u00fccken neue Wege"},"content":{"rendered":"<p>Digitaler, interaktiver und bunter: Seit mehr als 13&nbsp;Jahren kl\u00e4rt die von Sanofi initiierte Aktion &#8222;Wissen was bei Diabetes z\u00e4hlt: Ges\u00fcnder unter 7&nbsp;PLUS&#8220; mit mehr als 20&nbsp;Partnern bundesweit \u00fcber die Volkskrankheit Diabetes auf. Nun hat die Initiative Station in Saarbr\u00fccken gemacht&nbsp;&#8211; bewegte und bewegende Diabetes-Aktionstage in der EUROPA-Galerie. <a href=\"https:\/\/www.diabsite.de\/aktuelles\/nachrichten\/2018\/180821.html\" target=\"_blank\" class=\"ds\" title=\"zur Nachricht (neues Fenster)\">Nachricht lesen<\/a><\/p>\n","protected":false},"excerpt":{"rendered":"<p>Digitaler, interaktiver und bunter: Seit mehr als 13&nbsp;Jahren kl\u00e4rt die von Sanofi initiierte Aktion &#8222;Wissen was bei Diabetes z\u00e4hlt: Ges\u00fcnder unter 7&nbsp;PLUS&#8220; mit mehr als 20&nbsp;Partnern bundesweit \u00fcber die Volkskrankheit Diabetes auf. Nun hat die Initiative Station in Saarbr\u00fccken gemacht&nbsp;&#8211; bewegte und bewegende Diabetes-Aktionstage in der EUROPA-Galerie. Nachricht lesen<\/p>\n","protected":false},"author":4,"featured_media":0,"comment_status":"open","ping_status":"closed","sticky":false,"template":"","format":"standard","meta":{"footnotes":""},"categories":[2],"tags":[8646,8647,60],"_links":{"self":[{"href":"https:\/\/www.diabsite.de\/diabetes-weblog\/wp-json\/wp\/v2\/posts\/48388"}],"collection":[{"href":"https:\/\/www.diabsite.de\/diabetes-weblog\/wp-json\/wp\/v2\/posts"}],"about":[{"href":"https:\/\/www.diabsite.de\/diabetes-weblog\/wp-json\/wp\/v2\/types\/post"}],"author":[{"embeddable":true,"href":"https:\/\/www.diabsite.de\/diabetes-weblog\/wp-json\/wp\/v2\/users\/4"}],"replies":[{"embeddable":true,"href":"https:\/\/www.diabsite.de\/diabetes-weblog\/wp-json\/wp\/v2\/comments?post=48388"}],"version-history":[{"count":1,"href":"https:\/\/www.diabsite.de\/diabetes-weblog\/wp-json\/wp\/v2\/posts\/48388\/revisions"}],"predecessor-version":[{"id":48389,"href":"https:\/\/www.diabsite.de\/diabetes-weblog\/wp-json\/wp\/v2\/posts\/48388\/revisions\/48389"}],"wp:attachment":[{"href":"https:\/\/www.diabsite.de\/diabetes-weblog\/wp-json\/wp\/v2\/media?parent=48388"}],"wp:term":[{"taxonomy":"category","embeddable":true,"href":"https:\/\/www.diabsite.de\/diabetes-weblog\/wp-json\/wp\/v2\/categories?post=48388"},{"taxonomy":"post_tag","embeddable":true,"href":"https:\/\/www.diabsite.de\/diabetes-weblog\/wp-json\/wp\/v2\/tags?post=48388"}],"curies":[{"name":"wp","href":"https:\/\/api.w.org\/{rel}","templated":true}]}}