{"id":48261,"date":"2018-08-09T19:51:10","date_gmt":"2018-08-09T17:51:10","guid":{"rendered":"http:\/\/www.diabsite.de\/diabetes-weblog\/?p=48261"},"modified":"2018-08-09T21:58:41","modified_gmt":"2018-08-09T19:58:41","slug":"diabetes-3","status":"publish","type":"post","link":"https:\/\/www.diabsite.de\/diabetes-weblog\/2018\/08\/09\/diabetes-3\/","title":{"rendered":"Diabetes"},"content":{"rendered":"<p>Dexcom schlie\u00dft wichtigen Vertrag mit AOK-Bundesverband: Die Dexcom Deutschland&nbsp;GmbH und der AOK-Bundesverband werden ab sofort noch enger kooperieren. Ein entsprechender Vertrag sei seit dem 1.&nbsp;Juli&nbsp;2018 abgeschlossen, sagte Dexcom-Gesch\u00e4ftsf\u00fchrer Dr.&nbsp;med.&nbsp;Fred Schaebsdau in Mainz. Statt den bisherigen Listenpreisen, gibt es nun einen neuen, einheitlichen Vertrag mit zehn der elf Mitglieder des AOK-Dachverbands. &#8222;Im Zuge der neuen Kooperation k\u00f6nnen wir den Versicherungen durch Monatspauschalen sehr wirtschaftliche Preise anbieten,&#8220; sagte Schaebsdau. Dadurch fielen f\u00fcr die AOK weniger Kosten an und sie k\u00f6nnten die rtCGM-Systeme von Dexcom mehr Patienten zur Verf\u00fcgung&nbsp;stellen. <a href=\"https:\/\/www.diabsite.de\/aktuelles\/nachrichten\/2018\/180809b.html\" target=\"_blank\" class=\"ds\" title=\"zur Nachricht (neues Fenster)\">Nachricht lesen<\/a><\/p>\n","protected":false},"excerpt":{"rendered":"<p>Dexcom schlie\u00dft wichtigen Vertrag mit AOK-Bundesverband: Die Dexcom Deutschland&nbsp;GmbH und der AOK-Bundesverband werden ab sofort noch enger kooperieren. Ein entsprechender Vertrag sei seit dem 1.&nbsp;Juli&nbsp;2018 abgeschlossen, sagte Dexcom-Gesch\u00e4ftsf\u00fchrer Dr.&nbsp;med.&nbsp;Fred Schaebsdau in Mainz. Statt den bisherigen Listenpreisen, gibt es nun einen neuen, einheitlichen Vertrag mit zehn der elf Mitglieder des AOK-Dachverbands. &#8222;Im Zuge der neuen Kooperation [&hellip;]<\/p>\n","protected":false},"author":4,"featured_media":0,"comment_status":"open","ping_status":"closed","sticky":false,"template":"","format":"standard","meta":{"footnotes":""},"categories":[2],"tags":[8611,6797,24,8612,1225,8610],"_links":{"self":[{"href":"https:\/\/www.diabsite.de\/diabetes-weblog\/wp-json\/wp\/v2\/posts\/48261"}],"collection":[{"href":"https:\/\/www.diabsite.de\/diabetes-weblog\/wp-json\/wp\/v2\/posts"}],"about":[{"href":"https:\/\/www.diabsite.de\/diabetes-weblog\/wp-json\/wp\/v2\/types\/post"}],"author":[{"embeddable":true,"href":"https:\/\/www.diabsite.de\/diabetes-weblog\/wp-json\/wp\/v2\/users\/4"}],"replies":[{"embeddable":true,"href":"https:\/\/www.diabsite.de\/diabetes-weblog\/wp-json\/wp\/v2\/comments?post=48261"}],"version-history":[{"count":2,"href":"https:\/\/www.diabsite.de\/diabetes-weblog\/wp-json\/wp\/v2\/posts\/48261\/revisions"}],"predecessor-version":[{"id":48263,"href":"https:\/\/www.diabsite.de\/diabetes-weblog\/wp-json\/wp\/v2\/posts\/48261\/revisions\/48263"}],"wp:attachment":[{"href":"https:\/\/www.diabsite.de\/diabetes-weblog\/wp-json\/wp\/v2\/media?parent=48261"}],"wp:term":[{"taxonomy":"category","embeddable":true,"href":"https:\/\/www.diabsite.de\/diabetes-weblog\/wp-json\/wp\/v2\/categories?post=48261"},{"taxonomy":"post_tag","embeddable":true,"href":"https:\/\/www.diabsite.de\/diabetes-weblog\/wp-json\/wp\/v2\/tags?post=48261"}],"curies":[{"name":"wp","href":"https:\/\/api.w.org\/{rel}","templated":true}]}}