{"id":4785,"date":"2009-06-09T15:12:58","date_gmt":"2009-06-09T13:12:58","guid":{"rendered":"http:\/\/www.diabsite.de\/diabetes-weblog\/?p=4785"},"modified":"2009-06-09T22:29:07","modified_gmt":"2009-06-09T20:29:07","slug":"einfuhrung-der-elektronischen-gesundheitskarte-im-zeitplan","status":"publish","type":"post","link":"https:\/\/www.diabsite.de\/diabetes-weblog\/2009\/06\/09\/einfuhrung-der-elektronischen-gesundheitskarte-im-zeitplan\/","title":{"rendered":"Einf\u00fchrung der elektronischen Gesundheitskarte im Zeitplan"},"content":{"rendered":"<p>Im Rahmen eines im April vereinbarten Routinetreffens im Bundesministerium f\u00fcr Gesundheit haben die Kassen\u00e4rztliche Vereinigung Nordrhein und die Krankenkassen heute best\u00e4tigt, dass sich der Einf\u00fchrungsprozess der elektronischen Gesundheitskarte im Plan befindet. Die station\u00e4ren und mobilen modernen Leseger\u00e4te werden seit einiger Zeit Schritt f\u00fcr Schritt in Arztpraxen und Krankenh\u00e4usern installiert. <a href=\"https:\/\/www.diabsite.de\/aktuelles\/nachrichten\/2009\/090609.html\" target=\"_blank\" class=\"ds\" title=\"zur Nachricht (neues Fenster)\">Nachricht lesen<\/a> <\/p>\n","protected":false},"excerpt":{"rendered":"<p>Im Rahmen eines im April vereinbarten Routinetreffens im Bundesministerium f\u00fcr Gesundheit haben die Kassen\u00e4rztliche Vereinigung Nordrhein und die Krankenkassen heute best\u00e4tigt, dass sich der Einf\u00fchrungsprozess der elektronischen Gesundheitskarte im Plan befindet. Die station\u00e4ren und mobilen modernen Leseger\u00e4te werden seit einiger Zeit Schritt f\u00fcr Schritt in Arztpraxen und Krankenh\u00e4usern installiert. Nachricht lesen<\/p>\n","protected":false},"author":4,"featured_media":0,"comment_status":"closed","ping_status":"open","sticky":false,"template":"","format":"standard","meta":{"footnotes":""},"categories":[2],"tags":[],"_links":{"self":[{"href":"https:\/\/www.diabsite.de\/diabetes-weblog\/wp-json\/wp\/v2\/posts\/4785"}],"collection":[{"href":"https:\/\/www.diabsite.de\/diabetes-weblog\/wp-json\/wp\/v2\/posts"}],"about":[{"href":"https:\/\/www.diabsite.de\/diabetes-weblog\/wp-json\/wp\/v2\/types\/post"}],"author":[{"embeddable":true,"href":"https:\/\/www.diabsite.de\/diabetes-weblog\/wp-json\/wp\/v2\/users\/4"}],"replies":[{"embeddable":true,"href":"https:\/\/www.diabsite.de\/diabetes-weblog\/wp-json\/wp\/v2\/comments?post=4785"}],"version-history":[{"count":3,"href":"https:\/\/www.diabsite.de\/diabetes-weblog\/wp-json\/wp\/v2\/posts\/4785\/revisions"}],"predecessor-version":[{"id":4804,"href":"https:\/\/www.diabsite.de\/diabetes-weblog\/wp-json\/wp\/v2\/posts\/4785\/revisions\/4804"}],"wp:attachment":[{"href":"https:\/\/www.diabsite.de\/diabetes-weblog\/wp-json\/wp\/v2\/media?parent=4785"}],"wp:term":[{"taxonomy":"category","embeddable":true,"href":"https:\/\/www.diabsite.de\/diabetes-weblog\/wp-json\/wp\/v2\/categories?post=4785"},{"taxonomy":"post_tag","embeddable":true,"href":"https:\/\/www.diabsite.de\/diabetes-weblog\/wp-json\/wp\/v2\/tags?post=4785"}],"curies":[{"name":"wp","href":"https:\/\/api.w.org\/{rel}","templated":true}]}}