{"id":4770,"date":"2009-06-08T10:44:46","date_gmt":"2009-06-08T08:44:46","guid":{"rendered":"http:\/\/www.diabsite.de\/diabetes-weblog\/?p=4770"},"modified":"2009-06-08T10:44:46","modified_gmt":"2009-06-08T08:44:46","slug":"wohin-bewegt-sich-die-deutsche-diabetiker-versorgung","status":"publish","type":"post","link":"https:\/\/www.diabsite.de\/diabetes-weblog\/2009\/06\/08\/wohin-bewegt-sich-die-deutsche-diabetiker-versorgung\/","title":{"rendered":"Wohin bewegt sich die deutsche Diabetiker-Versorgung?"},"content":{"rendered":"<p>Bei Typ-2-Diabetikern wird eine Therapieintensivierung, etwa durch die Kombination oraler Antidiabetika mit Insulin, oft zu lange hinausgeschoben, so Professor Oliver Schnell aus M\u00fcnchen auf der Tagung der Deutschen Diabetes-Gesellschaft in Leipzig. K\u00fcnftig k\u00f6nnten medizinische Versorgungszentren die Versorgung der Patienten verbessern &#8211; der Gesundheitsfonds dagegen eher nicht. Eingeladen zu der Veranstaltung \u201eQuo Vadis Diabetikerversorgung?\u201c hatte die B.&nbsp;Braun Melsungen&nbsp;AG. Das Unternehmen ist als Systemanbieter in der Diabetikerversorgung etabliert. <a href=\"https:\/\/www.diabsite.de\/aktuelles\/nachrichten\/2009\/090608.html\" target=\"_blank\" class=\"ds\" title=\"zur Nachricht (neues Fenster)\">Nachricht lesen<\/a> <\/p>\n","protected":false},"excerpt":{"rendered":"<p>Bei Typ-2-Diabetikern wird eine Therapieintensivierung, etwa durch die Kombination oraler Antidiabetika mit Insulin, oft zu lange hinausgeschoben, so Professor Oliver Schnell aus M\u00fcnchen auf der Tagung der Deutschen Diabetes-Gesellschaft in Leipzig. K\u00fcnftig k\u00f6nnten medizinische Versorgungszentren die Versorgung der Patienten verbessern &#8211; der Gesundheitsfonds dagegen eher nicht. Eingeladen zu der Veranstaltung \u201eQuo Vadis Diabetikerversorgung?\u201c hatte die [&hellip;]<\/p>\n","protected":false},"author":4,"featured_media":0,"comment_status":"closed","ping_status":"open","sticky":false,"template":"","format":"standard","meta":{"footnotes":""},"categories":[2],"tags":[],"_links":{"self":[{"href":"https:\/\/www.diabsite.de\/diabetes-weblog\/wp-json\/wp\/v2\/posts\/4770"}],"collection":[{"href":"https:\/\/www.diabsite.de\/diabetes-weblog\/wp-json\/wp\/v2\/posts"}],"about":[{"href":"https:\/\/www.diabsite.de\/diabetes-weblog\/wp-json\/wp\/v2\/types\/post"}],"author":[{"embeddable":true,"href":"https:\/\/www.diabsite.de\/diabetes-weblog\/wp-json\/wp\/v2\/users\/4"}],"replies":[{"embeddable":true,"href":"https:\/\/www.diabsite.de\/diabetes-weblog\/wp-json\/wp\/v2\/comments?post=4770"}],"version-history":[{"count":2,"href":"https:\/\/www.diabsite.de\/diabetes-weblog\/wp-json\/wp\/v2\/posts\/4770\/revisions"}],"predecessor-version":[{"id":4772,"href":"https:\/\/www.diabsite.de\/diabetes-weblog\/wp-json\/wp\/v2\/posts\/4770\/revisions\/4772"}],"wp:attachment":[{"href":"https:\/\/www.diabsite.de\/diabetes-weblog\/wp-json\/wp\/v2\/media?parent=4770"}],"wp:term":[{"taxonomy":"category","embeddable":true,"href":"https:\/\/www.diabsite.de\/diabetes-weblog\/wp-json\/wp\/v2\/categories?post=4770"},{"taxonomy":"post_tag","embeddable":true,"href":"https:\/\/www.diabsite.de\/diabetes-weblog\/wp-json\/wp\/v2\/tags?post=4770"}],"curies":[{"name":"wp","href":"https:\/\/api.w.org\/{rel}","templated":true}]}}