{"id":46466,"date":"2018-03-18T18:53:01","date_gmt":"2018-03-18T17:53:01","guid":{"rendered":"http:\/\/www.diabsite.de\/diabetes-weblog\/?p=46466"},"modified":"2018-05-05T18:16:59","modified_gmt":"2018-05-05T16:16:59","slug":"bandnudeln-mit-lachs","status":"publish","type":"post","link":"https:\/\/www.diabsite.de\/diabetes-weblog\/2018\/03\/18\/bandnudeln-mit-lachs\/","title":{"rendered":"Bandnudeln mit Lachs"},"content":{"rendered":"<p><a href=\"https:\/\/www.diabsite.de\/ernaehrung\/rezepte\/bandnudeln-lachs.html\" target=\"_blank\" class=\"ds\" title=\"zum Rezept (neues Fenster)\"><img loading=\"lazy\" decoding=\"async\" class=\"alignright\" src=\"https:\/\/www.diabsite.de\/diabetes-weblog\/wp-content\/images\/2018\/bandnudeln-lachs.jpg\" width=\"200\" height=\"143\" alt=\"Bandnudeln mit Lachs\" \/><\/a> Haben Sie auch schon mit Schrecken festgestellt, dass bereits in zwei Wochen Ostern ist? Mit den Ostertagen endet die Fastenzeit. Den Schluss- und gleichzeitig den H\u00f6hepunkt der Fastenzeit bildet der Karfreitag. Bis heute wird an diesem Tag &#8211;&nbsp;nicht nur von Menschen, die fasten&nbsp;&#8211; traditionell Fisch gegessen. Sie m\u00f6chten am Karfreitag kein gro\u00dfes Men\u00fc auf den Tisch bringen, sondern lieber noch Ostern vorbereiten? Dann ist unser Rezept <a href=\"https:\/\/www.diabsite.de\/ernaehrung\/rezepte\/bandnudeln-lachs.html\" title=\"zum Rezept\" target=\"_blank\">Bandnudeln mit Lachs<\/a> ideal. Mit wenigen Kohlenhydraten und Kalorien ist es f\u00fcr Diabetiker und alle, die abnehmen wollen, geeignet. Au\u00dferdem gewinnen Sie durch die schnelle Zubereitung mehr Zeit f\u00fcr Ostervorbereitungen. So lassen sich Karfreitag und die Osterfeiertage ebenso entspannt wie kulinarisch genie\u00dfen. Weitere Rezepte f\u00fcr den letzten Fastentag finden Sie bei uns unter: <a href=\"https:\/\/www.diabsite.de\/ernaehrung\/rezepte\/_fisch-meeresfruechte.html\" target=\"_blank\" class=\"ds\" title=\"neues Fenster\">Fisch und Meeresfr\u00fcchte<\/a>. Ideen zum Kochen, Backen und Braten f\u00fcr Ostern oder andere Gelegenheiten bietet die gro\u00dfe <a href=\"https:\/\/www.diabsite.de\/ernaehrung\/rezepte\/index.html\" target=\"_blank\" class=\"ds\" title=\"neues Fenster\">DiabSite-Rezeptdatenbank<\/a>&nbsp;&#8211; wie immer mit allen wichtigen N\u00e4hrwert- und BE-Angaben f\u00fcr Diabetiker. Wir w\u00fcnschen Ihnen einen guten Appetit! <\/p>\n","protected":false},"excerpt":{"rendered":"<p>Haben Sie auch schon mit Schrecken festgestellt, dass bereits in zwei Wochen Ostern ist? Mit den Ostertagen endet die Fastenzeit. Den Schluss- und gleichzeitig den H\u00f6hepunkt der Fastenzeit bildet der Karfreitag. Bis heute wird an diesem Tag &#8211;&nbsp;nicht nur von Menschen, die fasten&nbsp;&#8211; traditionell Fisch gegessen. Sie m\u00f6chten am Karfreitag kein gro\u00dfes Men\u00fc auf den [&hellip;]<\/p>\n","protected":false},"author":4,"featured_media":0,"comment_status":"open","ping_status":"closed","sticky":false,"template":"","format":"standard","meta":{"footnotes":""},"categories":[3],"tags":[4230,30,1626,58,3524,8178,172,10423],"_links":{"self":[{"href":"https:\/\/www.diabsite.de\/diabetes-weblog\/wp-json\/wp\/v2\/posts\/46466"}],"collection":[{"href":"https:\/\/www.diabsite.de\/diabetes-weblog\/wp-json\/wp\/v2\/posts"}],"about":[{"href":"https:\/\/www.diabsite.de\/diabetes-weblog\/wp-json\/wp\/v2\/types\/post"}],"author":[{"embeddable":true,"href":"https:\/\/www.diabsite.de\/diabetes-weblog\/wp-json\/wp\/v2\/users\/4"}],"replies":[{"embeddable":true,"href":"https:\/\/www.diabsite.de\/diabetes-weblog\/wp-json\/wp\/v2\/comments?post=46466"}],"version-history":[{"count":4,"href":"https:\/\/www.diabsite.de\/diabetes-weblog\/wp-json\/wp\/v2\/posts\/46466\/revisions"}],"predecessor-version":[{"id":46934,"href":"https:\/\/www.diabsite.de\/diabetes-weblog\/wp-json\/wp\/v2\/posts\/46466\/revisions\/46934"}],"wp:attachment":[{"href":"https:\/\/www.diabsite.de\/diabetes-weblog\/wp-json\/wp\/v2\/media?parent=46466"}],"wp:term":[{"taxonomy":"category","embeddable":true,"href":"https:\/\/www.diabsite.de\/diabetes-weblog\/wp-json\/wp\/v2\/categories?post=46466"},{"taxonomy":"post_tag","embeddable":true,"href":"https:\/\/www.diabsite.de\/diabetes-weblog\/wp-json\/wp\/v2\/tags?post=46466"}],"curies":[{"name":"wp","href":"https:\/\/api.w.org\/{rel}","templated":true}]}}