{"id":46462,"date":"2018-03-18T15:18:01","date_gmt":"2018-03-18T14:18:01","guid":{"rendered":"http:\/\/www.diabsite.de\/diabetes-weblog\/?p=46462"},"modified":"2018-03-18T19:26:15","modified_gmt":"2018-03-18T18:26:15","slug":"viele-termine-im-internationalen-diabetes-kalender","status":"publish","type":"post","link":"https:\/\/www.diabsite.de\/diabetes-weblog\/2018\/03\/18\/viele-termine-im-internationalen-diabetes-kalender\/","title":{"rendered":"Viele neue Termine im internationalen Diabetes-Kalender"},"content":{"rendered":"<p>Jeden Monat finden Diabetes-Interessierte auf der DiabSite viele Hinweise zu Diabetikertagen, Treffen von Selbsthilfegruppen, Kongressen und mehr. Sie nutzen diese Veranstaltungen f\u00fcr den Informations- und Erfahrungsaustausch. Zum Beispiel:<\/p>\n<p>&#8211; 23.03.2018 &#8211; <strong>Bad Waltersdorf, \u00d6sterreich<\/strong> &#8211; Sensorgest\u00fctzte Insulinpumpentherapie und Herzgesund in aller Mund<br \/>\n&#8211; 28.03.2018 &#8211; <strong>Kronberg\/Taunus<\/strong> &#8211; Herzinfarkt, Schlaganfall und Schaufensterkrankheit<br \/>\n&#8211; 29.03.2018 &#8211; <strong>Rastatt<\/strong> &#8211; Unbewusste Fehler im Diabetesalltag k\u00f6nnen Ursachen f\u00fcr Blutzuckerschwankungen sein<\/p>\n<p>Die Termine in unserem <a href=\"https:\/\/www.diabsite.de\/aktuelles\/termine\/index.html\" target=\"_blank\" class=\"ds\" title=\"neues Fenster\">internationalen Diabetes-Kalender<\/a> zeigen Ihnen, wo und wann man sich in Sachen Diabetes trifft. Gehen Sie doch einfach mal hin!<\/p>\n","protected":false},"excerpt":{"rendered":"<p>Jeden Monat finden Diabetes-Interessierte auf der DiabSite viele Hinweise zu Diabetikertagen, Treffen von Selbsthilfegruppen, Kongressen und mehr. Sie nutzen diese Veranstaltungen f\u00fcr den Informations- und Erfahrungsaustausch. Zum Beispiel: &#8211; 23.03.2018 &#8211; Bad Waltersdorf, \u00d6sterreich &#8211; Sensorgest\u00fctzte Insulinpumpentherapie und Herzgesund in aller Mund &#8211; 28.03.2018 &#8211; Kronberg\/Taunus &#8211; Herzinfarkt, Schlaganfall und Schaufensterkrankheit &#8211; 29.03.2018 &#8211; Rastatt [&hellip;]<\/p>\n","protected":false},"author":4,"featured_media":0,"comment_status":"open","ping_status":"closed","sticky":false,"template":"","format":"standard","meta":{"footnotes":""},"categories":[1],"tags":[30,717,2521,8177,7790,48],"_links":{"self":[{"href":"https:\/\/www.diabsite.de\/diabetes-weblog\/wp-json\/wp\/v2\/posts\/46462"}],"collection":[{"href":"https:\/\/www.diabsite.de\/diabetes-weblog\/wp-json\/wp\/v2\/posts"}],"about":[{"href":"https:\/\/www.diabsite.de\/diabetes-weblog\/wp-json\/wp\/v2\/types\/post"}],"author":[{"embeddable":true,"href":"https:\/\/www.diabsite.de\/diabetes-weblog\/wp-json\/wp\/v2\/users\/4"}],"replies":[{"embeddable":true,"href":"https:\/\/www.diabsite.de\/diabetes-weblog\/wp-json\/wp\/v2\/comments?post=46462"}],"version-history":[{"count":3,"href":"https:\/\/www.diabsite.de\/diabetes-weblog\/wp-json\/wp\/v2\/posts\/46462\/revisions"}],"predecessor-version":[{"id":46465,"href":"https:\/\/www.diabsite.de\/diabetes-weblog\/wp-json\/wp\/v2\/posts\/46462\/revisions\/46465"}],"wp:attachment":[{"href":"https:\/\/www.diabsite.de\/diabetes-weblog\/wp-json\/wp\/v2\/media?parent=46462"}],"wp:term":[{"taxonomy":"category","embeddable":true,"href":"https:\/\/www.diabsite.de\/diabetes-weblog\/wp-json\/wp\/v2\/categories?post=46462"},{"taxonomy":"post_tag","embeddable":true,"href":"https:\/\/www.diabsite.de\/diabetes-weblog\/wp-json\/wp\/v2\/tags?post=46462"}],"curies":[{"name":"wp","href":"https:\/\/api.w.org\/{rel}","templated":true}]}}