{"id":46380,"date":"2018-03-10T18:20:23","date_gmt":"2018-03-10T17:20:23","guid":{"rendered":"http:\/\/www.diabsite.de\/diabetes-weblog\/?p=46380"},"modified":"2018-03-11T20:29:15","modified_gmt":"2018-03-11T19:29:15","slug":"unser-diabetes-kalender-informiert-diabetiker-interessierte-und-experten","status":"publish","type":"post","link":"https:\/\/www.diabsite.de\/diabetes-weblog\/2018\/03\/10\/unser-diabetes-kalender-informiert-diabetiker-interessierte-und-experten\/","title":{"rendered":"Unser Diabetes-Kalender informiert Diabetiker, Interessierte und Experten"},"content":{"rendered":"<p>Wo sich Diabetiker treffen, Diabetikertage Interessierte informieren oder \u00c4rzte und Betreuer sich fortbilden, verr\u00e4t unser gro\u00dfer Diabetes-Kalender. In den letzten Tagen haben wir dort viele neue Termine eingetragen, zum Beispiel:<\/p>\n<p>&#8211; 17.03.2018 &#8211; <strong>Kitzingen<\/strong> &#8211; 11. Kitzinger Diabetikertag<br \/>\n&#8211; 21.03.2018 &#8211; <strong>L\u00fcnen<\/strong> &#8211; Typ-2-Diabetes: Welche Therapie f\u00fcr wen?<br \/>\n&#8211; 20.04.2018 &#8211; <strong>Graz, \u00d6sterreich<\/strong> &#8211; 34.&nbsp;Fr\u00fchjahrstagung der \u00d6sterreichischen Diabetes Gesellschaft&nbsp;(\u00d6DG)<\/p>\n<p>Bestimmt finden auch Sie in unserem internationalen <a href=\"https:\/\/www.diabsite.de\/aktuelles\/termine\/index.html\" target=\"_blank\" class=\"ds\" title=\"neues Fenster\">Diabetes-Kalender<\/a> eine passende Veranstaltung. St\u00f6bern Sie darin am Sonntag einfach mal. Wenn Sie einen passenden Termin gefunden haben, brauchen Sie nur noch hinzugehen. Wir w\u00fcnschen Ihnen viel Spa\u00df und n\u00fctzliche Informationen!<\/p>\n","protected":false},"excerpt":{"rendered":"<p>Wo sich Diabetiker treffen, Diabetikertage Interessierte informieren oder \u00c4rzte und Betreuer sich fortbilden, verr\u00e4t unser gro\u00dfer Diabetes-Kalender. In den letzten Tagen haben wir dort viele neue Termine eingetragen, zum Beispiel: &#8211; 17.03.2018 &#8211; Kitzingen &#8211; 11. Kitzinger Diabetikertag &#8211; 21.03.2018 &#8211; L\u00fcnen &#8211; Typ-2-Diabetes: Welche Therapie f\u00fcr wen? &#8211; 20.04.2018 &#8211; Graz, \u00d6sterreich &#8211; 34.&nbsp;Fr\u00fchjahrstagung [&hellip;]<\/p>\n","protected":false},"author":4,"featured_media":0,"comment_status":"open","ping_status":"closed","sticky":false,"template":"","format":"standard","meta":{"footnotes":""},"categories":[1],"tags":[721,106,30,108,8154,8137,4604,292],"_links":{"self":[{"href":"https:\/\/www.diabsite.de\/diabetes-weblog\/wp-json\/wp\/v2\/posts\/46380"}],"collection":[{"href":"https:\/\/www.diabsite.de\/diabetes-weblog\/wp-json\/wp\/v2\/posts"}],"about":[{"href":"https:\/\/www.diabsite.de\/diabetes-weblog\/wp-json\/wp\/v2\/types\/post"}],"author":[{"embeddable":true,"href":"https:\/\/www.diabsite.de\/diabetes-weblog\/wp-json\/wp\/v2\/users\/4"}],"replies":[{"embeddable":true,"href":"https:\/\/www.diabsite.de\/diabetes-weblog\/wp-json\/wp\/v2\/comments?post=46380"}],"version-history":[{"count":2,"href":"https:\/\/www.diabsite.de\/diabetes-weblog\/wp-json\/wp\/v2\/posts\/46380\/revisions"}],"predecessor-version":[{"id":46383,"href":"https:\/\/www.diabsite.de\/diabetes-weblog\/wp-json\/wp\/v2\/posts\/46380\/revisions\/46383"}],"wp:attachment":[{"href":"https:\/\/www.diabsite.de\/diabetes-weblog\/wp-json\/wp\/v2\/media?parent=46380"}],"wp:term":[{"taxonomy":"category","embeddable":true,"href":"https:\/\/www.diabsite.de\/diabetes-weblog\/wp-json\/wp\/v2\/categories?post=46380"},{"taxonomy":"post_tag","embeddable":true,"href":"https:\/\/www.diabsite.de\/diabetes-weblog\/wp-json\/wp\/v2\/tags?post=46380"}],"curies":[{"name":"wp","href":"https:\/\/api.w.org\/{rel}","templated":true}]}}