{"id":46332,"date":"2018-03-05T17:14:01","date_gmt":"2018-03-05T16:14:01","guid":{"rendered":"http:\/\/www.diabsite.de\/diabetes-weblog\/?p=46332"},"modified":"2018-03-05T20:41:05","modified_gmt":"2018-03-05T19:41:05","slug":"diabetes-einmal-farbig-und-ganz-bunt","status":"publish","type":"post","link":"https:\/\/www.diabsite.de\/diabetes-weblog\/2018\/03\/05\/diabetes-einmal-farbig-und-ganz-bunt\/","title":{"rendered":"Diabetes einmal farbig und ganz bunt"},"content":{"rendered":"<p><a href=\"https:\/\/www.diabsite.de\/aktuelles\/nachrichten\/2018\/180305b.html\" target=\"_blank\" class=\"ds\" title=\"zur Nachricht (neues Fenster)\"><img loading=\"lazy\" decoding=\"async\" class=\"alignright\" src=\"https:\/\/www.diabsite.de\/diabetes-weblog\/wp-content\/images\/2018\/180305b.jpg\" width=\"150\" height=\"213\" alt=\"Diabetes kreativ\" \/><\/a> Den Pinsel in Farbe tauchen, um Diabetes einmal ganz anders darzustellen: Dazu l\u00e4dt ein Wettbewerb f\u00fcr jugendliche Diabetiker ein. Sie sollen sich kreativ mit ihrer Krankheit auseinandersetzen. Die dabei entstehenden Werke werden pr\u00e4miert und ausgestellt. Der Wettbewerb &#8222;Diabetes kreativ&#8220; will junge Diabetiker zu einer positiven Auseinandersetzung mit ihrer Krankheit anregen. &#8222;Die Jugendlichen sollen die Krankheit nicht durch eine rosarote Brille betrachten&#8220;, so Dr.&nbsp;Gerd Schauerte, &#8222;aber mal so richtig den Diabetes in Farbe tunken d\u00fcrfen sie schon.&#8220; Der Kinderarzt kennt die vielf\u00e4ltigen Probleme, die Kinder und Jugendliche mit ihrem Diabetes haben, von seiner t\u00e4glichen Arbeit im CJD&nbsp;Berchtesgaden, einem Rehabilitationszentrum des Christlichen Jugenddorfwerkes Deutschland, in dem chronisch kranke Kinder und Jugendliche betreut werden. <a href=\"https:\/\/www.diabsite.de\/aktuelles\/nachrichten\/2018\/180305b.html\" target=\"_blank\" class=\"ds\" title=\"zur Nachricht (neues Fenster)\">Nachricht lesen<\/a><\/p>\n","protected":false},"excerpt":{"rendered":"<p>Den Pinsel in Farbe tauchen, um Diabetes einmal ganz anders darzustellen: Dazu l\u00e4dt ein Wettbewerb f\u00fcr jugendliche Diabetiker ein. Sie sollen sich kreativ mit ihrer Krankheit auseinandersetzen. Die dabei entstehenden Werke werden pr\u00e4miert und ausgestellt. Der Wettbewerb &#8222;Diabetes kreativ&#8220; will junge Diabetiker zu einer positiven Auseinandersetzung mit ihrer Krankheit anregen. &#8222;Die Jugendlichen sollen die Krankheit [&hellip;]<\/p>\n","protected":false},"author":4,"featured_media":0,"comment_status":"open","ping_status":"closed","sticky":false,"template":"","format":"standard","meta":{"footnotes":""},"categories":[2],"tags":[24,8143,8144,4645,8145,5193],"_links":{"self":[{"href":"https:\/\/www.diabsite.de\/diabetes-weblog\/wp-json\/wp\/v2\/posts\/46332"}],"collection":[{"href":"https:\/\/www.diabsite.de\/diabetes-weblog\/wp-json\/wp\/v2\/posts"}],"about":[{"href":"https:\/\/www.diabsite.de\/diabetes-weblog\/wp-json\/wp\/v2\/types\/post"}],"author":[{"embeddable":true,"href":"https:\/\/www.diabsite.de\/diabetes-weblog\/wp-json\/wp\/v2\/users\/4"}],"replies":[{"embeddable":true,"href":"https:\/\/www.diabsite.de\/diabetes-weblog\/wp-json\/wp\/v2\/comments?post=46332"}],"version-history":[{"count":3,"href":"https:\/\/www.diabsite.de\/diabetes-weblog\/wp-json\/wp\/v2\/posts\/46332\/revisions"}],"predecessor-version":[{"id":46338,"href":"https:\/\/www.diabsite.de\/diabetes-weblog\/wp-json\/wp\/v2\/posts\/46332\/revisions\/46338"}],"wp:attachment":[{"href":"https:\/\/www.diabsite.de\/diabetes-weblog\/wp-json\/wp\/v2\/media?parent=46332"}],"wp:term":[{"taxonomy":"category","embeddable":true,"href":"https:\/\/www.diabsite.de\/diabetes-weblog\/wp-json\/wp\/v2\/categories?post=46332"},{"taxonomy":"post_tag","embeddable":true,"href":"https:\/\/www.diabsite.de\/diabetes-weblog\/wp-json\/wp\/v2\/tags?post=46332"}],"curies":[{"name":"wp","href":"https:\/\/api.w.org\/{rel}","templated":true}]}}