{"id":46172,"date":"2018-02-15T18:52:12","date_gmt":"2018-02-15T17:52:12","guid":{"rendered":"http:\/\/www.diabsite.de\/diabetes-weblog\/?p=46172"},"modified":"2018-02-15T21:07:15","modified_gmt":"2018-02-15T20:07:15","slug":"koalitionsergebnisse","status":"publish","type":"post","link":"https:\/\/www.diabsite.de\/diabetes-weblog\/2018\/02\/15\/koalitionsergebnisse\/","title":{"rendered":"Koalitionsergebnisse"},"content":{"rendered":"<p>vdek begr\u00fc\u00dft R\u00fcckkehr zur parit\u00e4tischen Finanzierung: Der Verband der Ersatzkassen e. V.&nbsp;(vdek) begr\u00fc\u00dft, dass sich CDU, CSU und&nbsp;SPD verst\u00e4ndigt haben. Die Verhandler h\u00e4tten vielfach gute Ergebnisse erzielt, allen voran die Wiedereinf\u00fchrung der parit\u00e4tischen Finanzierung. Diese wird die Versicherten ab dem n\u00e4chsten Jahr sp\u00fcrbar entlasten und f\u00fcr mehr Belastungsgerechtigkeit in der Finanzierung der Krankenversicherung sorgen. <a href=\"https:\/\/www.diabsite.de\/aktuelles\/nachrichten\/2018\/180215b.html\" target=\"_blank\" class=\"ds\" title=\"zur Nachricht (neues Fenster)\">Nachricht lesen<\/a><\/p>\n","protected":false},"excerpt":{"rendered":"<p>vdek begr\u00fc\u00dft R\u00fcckkehr zur parit\u00e4tischen Finanzierung: Der Verband der Ersatzkassen e. V.&nbsp;(vdek) begr\u00fc\u00dft, dass sich CDU, CSU und&nbsp;SPD verst\u00e4ndigt haben. Die Verhandler h\u00e4tten vielfach gute Ergebnisse erzielt, allen voran die Wiedereinf\u00fchrung der parit\u00e4tischen Finanzierung. Diese wird die Versicherten ab dem n\u00e4chsten Jahr sp\u00fcrbar entlasten und f\u00fcr mehr Belastungsgerechtigkeit in der Finanzierung der Krankenversicherung sorgen. Nachricht [&hellip;]<\/p>\n","protected":false},"author":4,"featured_media":0,"comment_status":"open","ping_status":"closed","sticky":false,"template":"","format":"standard","meta":{"footnotes":""},"categories":[2],"tags":[8081,8083,8084,8085,723,8082],"_links":{"self":[{"href":"https:\/\/www.diabsite.de\/diabetes-weblog\/wp-json\/wp\/v2\/posts\/46172"}],"collection":[{"href":"https:\/\/www.diabsite.de\/diabetes-weblog\/wp-json\/wp\/v2\/posts"}],"about":[{"href":"https:\/\/www.diabsite.de\/diabetes-weblog\/wp-json\/wp\/v2\/types\/post"}],"author":[{"embeddable":true,"href":"https:\/\/www.diabsite.de\/diabetes-weblog\/wp-json\/wp\/v2\/users\/4"}],"replies":[{"embeddable":true,"href":"https:\/\/www.diabsite.de\/diabetes-weblog\/wp-json\/wp\/v2\/comments?post=46172"}],"version-history":[{"count":3,"href":"https:\/\/www.diabsite.de\/diabetes-weblog\/wp-json\/wp\/v2\/posts\/46172\/revisions"}],"predecessor-version":[{"id":46175,"href":"https:\/\/www.diabsite.de\/diabetes-weblog\/wp-json\/wp\/v2\/posts\/46172\/revisions\/46175"}],"wp:attachment":[{"href":"https:\/\/www.diabsite.de\/diabetes-weblog\/wp-json\/wp\/v2\/media?parent=46172"}],"wp:term":[{"taxonomy":"category","embeddable":true,"href":"https:\/\/www.diabsite.de\/diabetes-weblog\/wp-json\/wp\/v2\/categories?post=46172"},{"taxonomy":"post_tag","embeddable":true,"href":"https:\/\/www.diabsite.de\/diabetes-weblog\/wp-json\/wp\/v2\/tags?post=46172"}],"curies":[{"name":"wp","href":"https:\/\/api.w.org\/{rel}","templated":true}]}}