{"id":46020,"date":"2018-02-01T19:14:25","date_gmt":"2018-02-01T18:14:25","guid":{"rendered":"http:\/\/www.diabsite.de\/diabetes-weblog\/?p=46020"},"modified":"2018-02-01T19:14:25","modified_gmt":"2018-02-01T18:14:25","slug":"die-allianz-deutscher-aerzteverbande-fordert","status":"publish","type":"post","link":"https:\/\/www.diabsite.de\/diabetes-weblog\/2018\/02\/01\/die-allianz-deutscher-aerzteverbande-fordert\/","title":{"rendered":"Die Allianz Deutscher \u00c4rzteverb\u00e4nde fordert"},"content":{"rendered":"<p>Keine B\u00fcrgerversicherung durch die Hintert\u00fcr: Der Berufsverband Deutscher Internisten&nbsp;(BDI) hat turnusgem\u00e4\u00df zum 1.&nbsp;Januar&nbsp;2018 die Rolle des Sprechers der Allianz Deutscher \u00c4rzteverb\u00e4nde \u00fcbernommen. Die in der Allianz zusammengeschlossenen \u00e4rztlichen Berufsverb\u00e4nde sehen in den im Leitantrag der SPD gestellten Forderungen nach einer einheitlichen \u00e4rztlichen Geb\u00fchrenordnung und der Wahlfreiheit f\u00fcr Beamte eine Einf\u00fchrung der B\u00fcrgerversicherung durch die Hintert\u00fcr. <a href=\"https:\/\/www.diabsite.de\/aktuelles\/nachrichten\/2018\/180201b.html\" target=\"_blank\" class=\"ds\" title=\"zur Nachricht (neues Fenster)\">Nachricht lesen<\/a><\/p>\n","protected":false},"excerpt":{"rendered":"<p>Keine B\u00fcrgerversicherung durch die Hintert\u00fcr: Der Berufsverband Deutscher Internisten&nbsp;(BDI) hat turnusgem\u00e4\u00df zum 1.&nbsp;Januar&nbsp;2018 die Rolle des Sprechers der Allianz Deutscher \u00c4rzteverb\u00e4nde \u00fcbernommen. Die in der Allianz zusammengeschlossenen \u00e4rztlichen Berufsverb\u00e4nde sehen in den im Leitantrag der SPD gestellten Forderungen nach einer einheitlichen \u00e4rztlichen Geb\u00fchrenordnung und der Wahlfreiheit f\u00fcr Beamte eine Einf\u00fchrung der B\u00fcrgerversicherung durch die Hintert\u00fcr. [&hellip;]<\/p>\n","protected":false},"author":4,"featured_media":0,"comment_status":"open","ping_status":"closed","sticky":false,"template":"","format":"standard","meta":{"footnotes":""},"categories":[2],"tags":[8028,2537,7191,8029],"_links":{"self":[{"href":"https:\/\/www.diabsite.de\/diabetes-weblog\/wp-json\/wp\/v2\/posts\/46020"}],"collection":[{"href":"https:\/\/www.diabsite.de\/diabetes-weblog\/wp-json\/wp\/v2\/posts"}],"about":[{"href":"https:\/\/www.diabsite.de\/diabetes-weblog\/wp-json\/wp\/v2\/types\/post"}],"author":[{"embeddable":true,"href":"https:\/\/www.diabsite.de\/diabetes-weblog\/wp-json\/wp\/v2\/users\/4"}],"replies":[{"embeddable":true,"href":"https:\/\/www.diabsite.de\/diabetes-weblog\/wp-json\/wp\/v2\/comments?post=46020"}],"version-history":[{"count":3,"href":"https:\/\/www.diabsite.de\/diabetes-weblog\/wp-json\/wp\/v2\/posts\/46020\/revisions"}],"predecessor-version":[{"id":46023,"href":"https:\/\/www.diabsite.de\/diabetes-weblog\/wp-json\/wp\/v2\/posts\/46020\/revisions\/46023"}],"wp:attachment":[{"href":"https:\/\/www.diabsite.de\/diabetes-weblog\/wp-json\/wp\/v2\/media?parent=46020"}],"wp:term":[{"taxonomy":"category","embeddable":true,"href":"https:\/\/www.diabsite.de\/diabetes-weblog\/wp-json\/wp\/v2\/categories?post=46020"},{"taxonomy":"post_tag","embeddable":true,"href":"https:\/\/www.diabsite.de\/diabetes-weblog\/wp-json\/wp\/v2\/tags?post=46020"}],"curies":[{"name":"wp","href":"https:\/\/api.w.org\/{rel}","templated":true}]}}