{"id":45896,"date":"2018-01-20T16:00:52","date_gmt":"2018-01-20T15:00:52","guid":{"rendered":"http:\/\/www.diabsite.de\/diabetes-weblog\/?p=45896"},"modified":"2018-01-20T20:29:22","modified_gmt":"2018-01-20T19:29:22","slug":"wechsel-bei-der-der-deutschen-allianz-nichtuebertragbare-krankheitendank","status":"publish","type":"post","link":"https:\/\/www.diabsite.de\/diabetes-weblog\/2018\/01\/20\/wechsel-bei-der-der-deutschen-allianz-nichtuebertragbare-krankheitendank\/","title":{"rendered":"Wechsel bei der der Deutschen Allianz Nicht\u00fcbertragbare Krankheiten&nbsp;(DANK)"},"content":{"rendered":"<p>Dietrich Garlichs \u00fcbergibt Sprecheramt an Barbara Bitzer: In dieser Woche \u00fcbergibt Dietrich Garlichs das Amt des Sprechers der Deutschen Allianz Nicht\u00fcbertragbare Krankheiten&nbsp;(DANK) an Barbara Bitzer. Dietrich Garlichs hatte dieses Amt seit der Gr\u00fcndung von DANK inne und gibt es jetzt aus Altersgr\u00fcnden ab. <a href=\"https:\/\/www.diabsite.de\/aktuelles\/nachrichten\/2018\/180120.html\" target=\"_blank\" class=\"ds\" title=\"zur Nachricht (neues Fenster)\">Nachricht lesen<\/a><\/p>\n","protected":false},"excerpt":{"rendered":"<p>Dietrich Garlichs \u00fcbergibt Sprecheramt an Barbara Bitzer: In dieser Woche \u00fcbergibt Dietrich Garlichs das Amt des Sprechers der Deutschen Allianz Nicht\u00fcbertragbare Krankheiten&nbsp;(DANK) an Barbara Bitzer. Dietrich Garlichs hatte dieses Amt seit der Gr\u00fcndung von DANK inne und gibt es jetzt aus Altersgr\u00fcnden ab. Nachricht lesen<\/p>\n","protected":false},"author":4,"featured_media":0,"comment_status":"open","ping_status":"closed","sticky":false,"template":"","format":"standard","meta":{"footnotes":""},"categories":[2],"tags":[7986,24,7987,3702,1611],"_links":{"self":[{"href":"https:\/\/www.diabsite.de\/diabetes-weblog\/wp-json\/wp\/v2\/posts\/45896"}],"collection":[{"href":"https:\/\/www.diabsite.de\/diabetes-weblog\/wp-json\/wp\/v2\/posts"}],"about":[{"href":"https:\/\/www.diabsite.de\/diabetes-weblog\/wp-json\/wp\/v2\/types\/post"}],"author":[{"embeddable":true,"href":"https:\/\/www.diabsite.de\/diabetes-weblog\/wp-json\/wp\/v2\/users\/4"}],"replies":[{"embeddable":true,"href":"https:\/\/www.diabsite.de\/diabetes-weblog\/wp-json\/wp\/v2\/comments?post=45896"}],"version-history":[{"count":4,"href":"https:\/\/www.diabsite.de\/diabetes-weblog\/wp-json\/wp\/v2\/posts\/45896\/revisions"}],"predecessor-version":[{"id":45902,"href":"https:\/\/www.diabsite.de\/diabetes-weblog\/wp-json\/wp\/v2\/posts\/45896\/revisions\/45902"}],"wp:attachment":[{"href":"https:\/\/www.diabsite.de\/diabetes-weblog\/wp-json\/wp\/v2\/media?parent=45896"}],"wp:term":[{"taxonomy":"category","embeddable":true,"href":"https:\/\/www.diabsite.de\/diabetes-weblog\/wp-json\/wp\/v2\/categories?post=45896"},{"taxonomy":"post_tag","embeddable":true,"href":"https:\/\/www.diabsite.de\/diabetes-weblog\/wp-json\/wp\/v2\/tags?post=45896"}],"curies":[{"name":"wp","href":"https:\/\/api.w.org\/{rel}","templated":true}]}}