{"id":45766,"date":"2018-01-05T19:56:10","date_gmt":"2018-01-05T18:56:10","guid":{"rendered":"http:\/\/www.diabsite.de\/diabetes-weblog\/?p=45766"},"modified":"2018-12-14T20:16:31","modified_gmt":"2018-12-14T19:16:31","slug":"kinder-und-jugendliche-mit-diabetes-4","status":"publish","type":"post","link":"https:\/\/www.diabsite.de\/diabetes-weblog\/2018\/01\/05\/kinder-und-jugendliche-mit-diabetes-4\/","title":{"rendered":"Kinder und Jugendliche mit Diabetes"},"content":{"rendered":"<p>Diabetes mellitus ist weltweit die h\u00e4ufigste Stoffwechselerkrankung bei Kindern und Jugendlichen. Allein in Deutschland leben mehr als 30.000&nbsp;junge Menschen unter 19&nbsp;Jahren mit Diabetes. Ebenso wie beim Typ-2- steigt die Zahl der Neuerkrankungen beim Typ-1-Diabetes im Kindes- und Jungendalter. Gute Gr\u00fcnde, Sie heute auf interessante Artikel und Radiobeitr\u00e4ge zum Thema aufmerksam zu machen. Sie sind schon \u00e4lteren Datums, aber heute so aktuell wie damals. Was die Diagnose f\u00fcr junge Diabetiker und ihre Familien bedeutet, erfahren Sie in unserem Schwerpunktthema <a href=\"https:\/\/www.diabsite.de\/themen\/kinder\/index.html\" target=\"_blank\" class=\"ds\" title=\"neues Fenster\">Kinder und Jugendliche mit Diabetes<\/a>. Die Geschichte einer erfolgreichen Integration finden Sie unter: <a href=\"https:\/\/www.diabsite.de\/diabetes\/stories\/110428-kindergarten.html\" target=\"_blank\" class=\"ds\" title=\"neues Fenster\">Mit Diabetes im normalen Kindergarten<\/a>. Warum Eltern von Kindern mit Diabetes besonders gefordert sind, erl\u00e4utert ein Fachpsychologe im <a href=\"https:\/\/www.diabsite.de\/infos\/experten\/interviews\/020119-bartus.html\" target=\"_blank\" class=\"ds\" title=\"neues Fenster\">Gespr\u00e4ch<\/a> mit DiabSite. Interviews mit dem <a href=\"https:\/\/www.diabetes-radio.de\/2007\/05\/19\/\" target=\"_blank\" class=\"radio\" title=\"neues Fenster\">Kinderdiabetologen<\/a> Professor&nbsp;Wieland Kiess und der <a href=\"https:\/\/www.diabetes-radio.de\/2007\/05\/17\/kinder-und-jugendliche-mit-diabetes-brauchen-mehr-interview-mit-dr-karin-lange\/\" target=\"_blank\" class=\"radio\" title=\"neues Fenster\">Kinderpsychologin<\/a>, Dr.&nbsp;Karin Lange, die wir f\u00fcr das Diabetes-Radio aufgezeichnet haben, bieten weitere Hintergrundinformationen.<\/p>\n","protected":false},"excerpt":{"rendered":"<p>Diabetes mellitus ist weltweit die h\u00e4ufigste Stoffwechselerkrankung bei Kindern und Jugendlichen. Allein in Deutschland leben mehr als 30.000&nbsp;junge Menschen unter 19&nbsp;Jahren mit Diabetes. Ebenso wie beim Typ-2- steigt die Zahl der Neuerkrankungen beim Typ-1-Diabetes im Kindes- und Jungendalter. Gute Gr\u00fcnde, Sie heute auf interessante Artikel und Radiobeitr\u00e4ge zum Thema aufmerksam zu machen. Sie sind schon [&hellip;]<\/p>\n","protected":false},"author":4,"featured_media":0,"comment_status":"open","ping_status":"closed","sticky":false,"template":"","format":"standard","meta":{"footnotes":""},"categories":[1],"tags":[7938,24,916,3895,374,122,7939,6810],"_links":{"self":[{"href":"https:\/\/www.diabsite.de\/diabetes-weblog\/wp-json\/wp\/v2\/posts\/45766"}],"collection":[{"href":"https:\/\/www.diabsite.de\/diabetes-weblog\/wp-json\/wp\/v2\/posts"}],"about":[{"href":"https:\/\/www.diabsite.de\/diabetes-weblog\/wp-json\/wp\/v2\/types\/post"}],"author":[{"embeddable":true,"href":"https:\/\/www.diabsite.de\/diabetes-weblog\/wp-json\/wp\/v2\/users\/4"}],"replies":[{"embeddable":true,"href":"https:\/\/www.diabsite.de\/diabetes-weblog\/wp-json\/wp\/v2\/comments?post=45766"}],"version-history":[{"count":7,"href":"https:\/\/www.diabsite.de\/diabetes-weblog\/wp-json\/wp\/v2\/posts\/45766\/revisions"}],"predecessor-version":[{"id":49477,"href":"https:\/\/www.diabsite.de\/diabetes-weblog\/wp-json\/wp\/v2\/posts\/45766\/revisions\/49477"}],"wp:attachment":[{"href":"https:\/\/www.diabsite.de\/diabetes-weblog\/wp-json\/wp\/v2\/media?parent=45766"}],"wp:term":[{"taxonomy":"category","embeddable":true,"href":"https:\/\/www.diabsite.de\/diabetes-weblog\/wp-json\/wp\/v2\/categories?post=45766"},{"taxonomy":"post_tag","embeddable":true,"href":"https:\/\/www.diabsite.de\/diabetes-weblog\/wp-json\/wp\/v2\/tags?post=45766"}],"curies":[{"name":"wp","href":"https:\/\/api.w.org\/{rel}","templated":true}]}}