{"id":45700,"date":"2017-12-28T16:11:15","date_gmt":"2017-12-28T15:11:15","guid":{"rendered":"http:\/\/www.diabsite.de\/diabetes-weblog\/?p=45700"},"modified":"2017-12-28T22:23:19","modified_gmt":"2017-12-28T21:23:19","slug":"mit-lidl-vital-startet-neue-kampagne-rund-um-bewusste-ernaehrung-und-bewegung","status":"publish","type":"post","link":"https:\/\/www.diabsite.de\/diabetes-weblog\/2017\/12\/28\/mit-lidl-vital-startet-neue-kampagne-rund-um-bewusste-ernaehrung-und-bewegung\/","title":{"rendered":"Mit &#8222;Lidl Vital&#8220; startet neue Kampagne rund um bewusste Ern\u00e4hrung und Bewegung"},"content":{"rendered":"<p><a href=\"https:\/\/www.diabsite.de\/aktuelles\/nachrichten\/2017\/171228.html\" target=\"_blank\" class=\"ds\" title=\"zur Nachricht (neues Fenster)\"><img loading=\"lazy\" decoding=\"async\" class=\"alignright\" src=\"https:\/\/www.diabsite.de\/diabetes-weblog\/wp-content\/images\/2017\/171228.jpg\" width=\"150\" height=\"210\" alt=\"Kampagne Lidl vital\" \/><\/a> Discounter will Bewusstsein f\u00fcr Volkskrankheit Diabetes Typ&nbsp;2 st\u00e4rken: Bewusst einkaufen, ausgewogen ern\u00e4hren, vital bleiben: Dieser Dreiklang steht im Mittelpunkt der neuen Kampagne, die der Lebensmitteleinzelh\u00e4ndler zu Jahresbeginn startet. Unter dem kommunikativen Dach &#8222;Lidl Vital&#8220; fasst Lidl sein Engagement f\u00fcr Bewegung, bewusste Ern\u00e4hrung und Sport zusammen und bespielt damit k\u00fcnftig regelm\u00e4\u00dfig alle relevanten Kommunikationskan\u00e4le. Den Anfang der 360-Grad-Kampagne macht das Magazin &#8222;Alles fit? Sportlich&nbsp;&amp; vital ins neue Jahr&#8220;, das ab Januar&nbsp;2018 kostenlos in bundesweit allen rund 3.200&nbsp;Lidl-Filialen f\u00fcr die Kunden ausliegt. Hinzu kommen die w\u00f6chentlichen Haushaltshandzettel, Filialplakate und weitere POS-Medien, TV- und Radio-Spots sowie Social Media-Aktivit\u00e4ten und die Microsite <a href=\"http:\/\/www.lidl-vital.de\/\" target=\"_blank\" class=\"extern\" title=\"neues Fenster\">www.lidl-vital.de<\/a>. <a href=\"https:\/\/www.diabsite.de\/aktuelles\/nachrichten\/2017\/171228.html\" target=\"_blank\" class=\"ds\" title=\"zur Nachricht (neues Fenster)\">Nachricht lesen<\/a><\/p>\n","protected":false},"excerpt":{"rendered":"<p>Discounter will Bewusstsein f\u00fcr Volkskrankheit Diabetes Typ&nbsp;2 st\u00e4rken: Bewusst einkaufen, ausgewogen ern\u00e4hren, vital bleiben: Dieser Dreiklang steht im Mittelpunkt der neuen Kampagne, die der Lebensmitteleinzelh\u00e4ndler zu Jahresbeginn startet. Unter dem kommunikativen Dach &#8222;Lidl Vital&#8220; fasst Lidl sein Engagement f\u00fcr Bewegung, bewusste Ern\u00e4hrung und Sport zusammen und bespielt damit k\u00fcnftig regelm\u00e4\u00dfig alle relevanten Kommunikationskan\u00e4le. Den Anfang [&hellip;]<\/p>\n","protected":false},"author":4,"featured_media":0,"comment_status":"open","ping_status":"closed","sticky":false,"template":"","format":"standard","meta":{"footnotes":""},"categories":[2],"tags":[494,2522,24,6831,7911,79,60],"_links":{"self":[{"href":"https:\/\/www.diabsite.de\/diabetes-weblog\/wp-json\/wp\/v2\/posts\/45700"}],"collection":[{"href":"https:\/\/www.diabsite.de\/diabetes-weblog\/wp-json\/wp\/v2\/posts"}],"about":[{"href":"https:\/\/www.diabsite.de\/diabetes-weblog\/wp-json\/wp\/v2\/types\/post"}],"author":[{"embeddable":true,"href":"https:\/\/www.diabsite.de\/diabetes-weblog\/wp-json\/wp\/v2\/users\/4"}],"replies":[{"embeddable":true,"href":"https:\/\/www.diabsite.de\/diabetes-weblog\/wp-json\/wp\/v2\/comments?post=45700"}],"version-history":[{"count":2,"href":"https:\/\/www.diabsite.de\/diabetes-weblog\/wp-json\/wp\/v2\/posts\/45700\/revisions"}],"predecessor-version":[{"id":45702,"href":"https:\/\/www.diabsite.de\/diabetes-weblog\/wp-json\/wp\/v2\/posts\/45700\/revisions\/45702"}],"wp:attachment":[{"href":"https:\/\/www.diabsite.de\/diabetes-weblog\/wp-json\/wp\/v2\/media?parent=45700"}],"wp:term":[{"taxonomy":"category","embeddable":true,"href":"https:\/\/www.diabsite.de\/diabetes-weblog\/wp-json\/wp\/v2\/categories?post=45700"},{"taxonomy":"post_tag","embeddable":true,"href":"https:\/\/www.diabsite.de\/diabetes-weblog\/wp-json\/wp\/v2\/tags?post=45700"}],"curies":[{"name":"wp","href":"https:\/\/api.w.org\/{rel}","templated":true}]}}