{"id":45667,"date":"2017-12-24T07:49:10","date_gmt":"2017-12-24T06:49:10","guid":{"rendered":"http:\/\/www.diabsite.de\/diabetes-weblog\/?p=45667"},"modified":"2018-12-02T14:42:55","modified_gmt":"2018-12-02T13:42:55","slug":"4-advent-auf-dem-diabetes-portal-diabsite-5","status":"publish","type":"post","link":"https:\/\/www.diabsite.de\/diabetes-weblog\/2017\/12\/24\/4-advent-auf-dem-diabetes-portal-diabsite-5\/","title":{"rendered":"4. Advent auf dem Diabetes-Portal DiabSite"},"content":{"rendered":"<p><a href=\"https:\/\/www.diabsite.de\/aktionen\/advent\/gewinnspiel\/index.html\" target=\"_blank\" class=\"ds\" title=\"neues Fenster\"><img loading=\"lazy\" decoding=\"async\" class=\"alignright\" src=\"https:\/\/www.diabsite.de\/diabetes-weblog\/wp-content\/images\/diabetes\/advent-4.jpg\" width=\"150\" height=\"151\" alt=\"Adventskranz\" \/><\/a> Haben Sie schon die 4.&nbsp;Kerze angez\u00fcndet? Auf dem Diabetes-Portal DiabSite brennt sie seit den fr\u00fchen Morgenstunden und wir haben uns gefragt, wof\u00fcr der Adventskranz mit seinen Kerzen eigentlichen steht. Unsere Recherche ergab, dass wir den Adventskranz dem evangelisch-lutherischen Theologen und Erzieher Johann Hinrich Wichern verdanken. Er k\u00fcmmerte sich um arme Kinder, die in der Adventszeit immer fragten, wann denn nun endlich Weihnachten sei. Da baute er aus einem alten Wagenrad einen Holzkranz mit 20 kleinen und vier gro\u00dfen Kerzen f\u00fcr die Adventssonntage. So konnten die Kinder die Tage bis Weihnachten abz\u00e4hlen. Mehr \u00fcber die Geschichte des Adventskranzes und seine Symbolik finden Sie z.&nbsp;B. bei <a href=\"https:\/\/de.wikipedia.org\/wiki\/Adventskranz\" target=\"_blank\" class=\"extern\" title=\"neues Fenster\">Wikipedia<\/a>. Auch in unserem <a href=\"https:\/\/www.diabsite.de\/aktionen\/advent\/gewinnspiel\/index.html\" target=\"_blank\" class=\"ds\" title=\"neues Fenster\">Adventskalender<\/a> sind Sie heute beim letzten T\u00fcrchen &#8211;&nbsp;also bei Weihnachten&nbsp;&#8211; angekommen. Das DiabSite-Team w\u00fcnscht Ihnen einen sch\u00f6nen 4.&nbsp;Advent.<\/p>\n","protected":false},"excerpt":{"rendered":"<p>Haben Sie schon die 4.&nbsp;Kerze angez\u00fcndet? Auf dem Diabetes-Portal DiabSite brennt sie seit den fr\u00fchen Morgenstunden und wir haben uns gefragt, wof\u00fcr der Adventskranz mit seinen Kerzen eigentlichen steht. Unsere Recherche ergab, dass wir den Adventskranz dem evangelisch-lutherischen Theologen und Erzieher Johann Hinrich Wichern verdanken. Er k\u00fcmmerte sich um arme Kinder, die in der Adventszeit [&hellip;]<\/p>\n","protected":false},"author":4,"featured_media":0,"comment_status":"open","ping_status":"closed","sticky":false,"template":"","format":"standard","meta":{"footnotes":""},"categories":[1],"tags":[1383,1339,1437,896,3055,122],"_links":{"self":[{"href":"https:\/\/www.diabsite.de\/diabetes-weblog\/wp-json\/wp\/v2\/posts\/45667"}],"collection":[{"href":"https:\/\/www.diabsite.de\/diabetes-weblog\/wp-json\/wp\/v2\/posts"}],"about":[{"href":"https:\/\/www.diabsite.de\/diabetes-weblog\/wp-json\/wp\/v2\/types\/post"}],"author":[{"embeddable":true,"href":"https:\/\/www.diabsite.de\/diabetes-weblog\/wp-json\/wp\/v2\/users\/4"}],"replies":[{"embeddable":true,"href":"https:\/\/www.diabsite.de\/diabetes-weblog\/wp-json\/wp\/v2\/comments?post=45667"}],"version-history":[{"count":6,"href":"https:\/\/www.diabsite.de\/diabetes-weblog\/wp-json\/wp\/v2\/posts\/45667\/revisions"}],"predecessor-version":[{"id":49347,"href":"https:\/\/www.diabsite.de\/diabetes-weblog\/wp-json\/wp\/v2\/posts\/45667\/revisions\/49347"}],"wp:attachment":[{"href":"https:\/\/www.diabsite.de\/diabetes-weblog\/wp-json\/wp\/v2\/media?parent=45667"}],"wp:term":[{"taxonomy":"category","embeddable":true,"href":"https:\/\/www.diabsite.de\/diabetes-weblog\/wp-json\/wp\/v2\/categories?post=45667"},{"taxonomy":"post_tag","embeddable":true,"href":"https:\/\/www.diabsite.de\/diabetes-weblog\/wp-json\/wp\/v2\/tags?post=45667"}],"curies":[{"name":"wp","href":"https:\/\/api.w.org\/{rel}","templated":true}]}}