{"id":45513,"date":"2017-12-08T18:19:05","date_gmt":"2017-12-08T17:19:05","guid":{"rendered":"http:\/\/www.diabsite.de\/diabetes-weblog\/?p=45513"},"modified":"2017-12-08T20:55:28","modified_gmt":"2017-12-08T19:55:28","slug":"vitamin-mangel-im-alter","status":"publish","type":"post","link":"https:\/\/www.diabsite.de\/diabetes-weblog\/2017\/12\/08\/vitamin-mangel-im-alter\/","title":{"rendered":"Vitamin-Mangel im Alter"},"content":{"rendered":"<p><a href=\"https:\/\/www.diabsite.de\/aktuelles\/nachrichten\/2017\/171208b.html\" target=\"_blank\" class=\"ds\" title=\"zur Nachricht (neues Fenster)\"><img loading=\"lazy\" decoding=\"async\" class=\"alignright\" src=\"https:\/\/www.diabsite.de\/diabetes-weblog\/wp-content\/images\/2017\/171208b.jpg\" width=\"120\" height=\"148\" alt=\"PD Dr. Barbara Thorand\" \/><\/a> Bei Senioren auf eine m\u00f6gliche Unterversorgung mit Mikron\u00e4hrstoffen achten: Jeder zweite \u00fcber 65 hat zu wenig Vitamin&nbsp;D im Blut. Zu diesem Ergebnis kommt eine Untersuchung im Rahmen der Augsburger Bev\u00f6lkerungsstudie KORA-Age. Au\u00dferdem habe jeder vierte eine Vitamin&nbsp;B12 Unterversorgung, berichten die Autorinnen und Autoren des Helmholtz Zentrums M\u00fcnchen im Fachmagazin &#8218;Nutrients&#8216;. <a href=\"https:\/\/www.diabsite.de\/aktuelles\/nachrichten\/2017\/171208b.html\" target=\"_blank\" class=\"ds\" title=\"zur Nachricht (neues Fenster)\">Nachricht lesen<\/a><\/p>\n<p>Das k\u00f6nnte sie auch interessieren:<\/p>\n<p>&#8211; <a href=\"https:\/\/www.diabetes-radio.de\/2008\/02\/\" target=\"_blank\" class=\"radio\" title=\"zum Interview (neues Fenster)\">Sinn und Unsinn von Nahrungserg\u00e4nzungsmitteln f\u00fcr Diabetiker<\/a> &#8211; Prof.&nbsp;Dr.&#038;nbspHannelore Daniel im DiabSite Diabetes-Radio.<\/p>\n","protected":false},"excerpt":{"rendered":"<p>Bei Senioren auf eine m\u00f6gliche Unterversorgung mit Mikron\u00e4hrstoffen achten: Jeder zweite \u00fcber 65 hat zu wenig Vitamin&nbsp;D im Blut. Zu diesem Ergebnis kommt eine Untersuchung im Rahmen der Augsburger Bev\u00f6lkerungsstudie KORA-Age. Au\u00dferdem habe jeder vierte eine Vitamin&nbsp;B12 Unterversorgung, berichten die Autorinnen und Autoren des Helmholtz Zentrums M\u00fcnchen im Fachmagazin &#8218;Nutrients&#8216;. Nachricht lesen Das k\u00f6nnte sie [&hellip;]<\/p>\n","protected":false},"author":4,"featured_media":0,"comment_status":"open","ping_status":"closed","sticky":false,"template":"","format":"standard","meta":{"footnotes":""},"categories":[2],"tags":[102,24,7852,6720,631,7851,7850],"_links":{"self":[{"href":"https:\/\/www.diabsite.de\/diabetes-weblog\/wp-json\/wp\/v2\/posts\/45513"}],"collection":[{"href":"https:\/\/www.diabsite.de\/diabetes-weblog\/wp-json\/wp\/v2\/posts"}],"about":[{"href":"https:\/\/www.diabsite.de\/diabetes-weblog\/wp-json\/wp\/v2\/types\/post"}],"author":[{"embeddable":true,"href":"https:\/\/www.diabsite.de\/diabetes-weblog\/wp-json\/wp\/v2\/users\/4"}],"replies":[{"embeddable":true,"href":"https:\/\/www.diabsite.de\/diabetes-weblog\/wp-json\/wp\/v2\/comments?post=45513"}],"version-history":[{"count":8,"href":"https:\/\/www.diabsite.de\/diabetes-weblog\/wp-json\/wp\/v2\/posts\/45513\/revisions"}],"predecessor-version":[{"id":45521,"href":"https:\/\/www.diabsite.de\/diabetes-weblog\/wp-json\/wp\/v2\/posts\/45513\/revisions\/45521"}],"wp:attachment":[{"href":"https:\/\/www.diabsite.de\/diabetes-weblog\/wp-json\/wp\/v2\/media?parent=45513"}],"wp:term":[{"taxonomy":"category","embeddable":true,"href":"https:\/\/www.diabsite.de\/diabetes-weblog\/wp-json\/wp\/v2\/categories?post=45513"},{"taxonomy":"post_tag","embeddable":true,"href":"https:\/\/www.diabsite.de\/diabetes-weblog\/wp-json\/wp\/v2\/tags?post=45513"}],"curies":[{"name":"wp","href":"https:\/\/api.w.org\/{rel}","templated":true}]}}