{"id":45471,"date":"2017-12-05T17:56:40","date_gmt":"2017-12-05T16:56:40","guid":{"rendered":"http:\/\/www.diabsite.de\/diabetes-weblog\/?p=45471"},"modified":"2017-12-05T21:19:55","modified_gmt":"2017-12-05T20:19:55","slug":"diabetesde-gratuliert","status":"publish","type":"post","link":"https:\/\/www.diabsite.de\/diabetes-weblog\/2017\/12\/05\/diabetesde-gratuliert\/","title":{"rendered":"diabetesDE gratuliert!"},"content":{"rendered":"<p><a href=\"https:\/\/www.diabsite.de\/aktuelles\/nachrichten\/2017\/171205.html\" target=\"_blank\" class=\"ds\" title=\"zur Nachricht (neues Fenster)\"><img loading=\"lazy\" decoding=\"async\" class=\"alignright\" src=\"https:\/\/www.diabsite.de\/diabetes-weblog\/wp-content\/images\/2017\/171205.jpg\" width=\"150\" height=\"114\" alt=\"Bastian Hauck (mitte) in Vorstand IDF Europe gew\u00e4hlt\" \/><\/a> Im Vorfeld des Welt-Diabetes-Kongresses (4.-8.12.2017) tagten am 3. und 4.&nbsp;Dezember die Generalversammlung der International Diabetes Federation und deren Regionalr\u00e4te aus den sieben Weltregionen, darunter auch IDF&nbsp;Europe, u.&nbsp;a. mit Vorstandswahlen. diabetesDE&nbsp;&#8211; Deutsche Diabetes-Hilfe gratuliert seinem Vorstandsmitglied Bastian Hauck sehr herzlich zur Wahl in den Vorstand von IDF&nbsp;Europe! Ein herzlicher Gl\u00fcckwunsch des diabetesDE-Vorstands geht ebenfalls an Prof.&nbsp;Dr.&nbsp;Thomas Danne, Vorsitzender des Gr\u00fcndungsvorstands von diabetesDE&nbsp;&#8211; Deutsche Diabetes-Hilfe&nbsp;2008&nbsp;&#8211; 2016, f\u00fcr die Verleihung einer der h\u00f6chsten Auszeichnungen der IDF, den &#8222;Lifetime Achievement Award&#8220;, im Rahmen der IDF&nbsp;Generalversammlung. <a href=\"https:\/\/www.diabsite.de\/aktuelles\/nachrichten\/2017\/171205.html\" target=\"_blank\" class=\"ds\" title=\"zur Nachricht (neues Fenster)\">Nachricht lesen<\/a><\/p>\n","protected":false},"excerpt":{"rendered":"<p>Im Vorfeld des Welt-Diabetes-Kongresses (4.-8.12.2017) tagten am 3. und 4.&nbsp;Dezember die Generalversammlung der International Diabetes Federation und deren Regionalr\u00e4te aus den sieben Weltregionen, darunter auch IDF&nbsp;Europe, u.&nbsp;a. mit Vorstandswahlen. diabetesDE&nbsp;&#8211; Deutsche Diabetes-Hilfe gratuliert seinem Vorstandsmitglied Bastian Hauck sehr herzlich zur Wahl in den Vorstand von IDF&nbsp;Europe! Ein herzlicher Gl\u00fcckwunsch des diabetesDE-Vorstands geht ebenfalls an Prof.&nbsp;Dr.&nbsp;Thomas [&hellip;]<\/p>\n","protected":false},"author":4,"featured_media":0,"comment_status":"open","ping_status":"closed","sticky":false,"template":"","format":"standard","meta":{"footnotes":""},"categories":[2],"tags":[5602,24,7844,7845],"_links":{"self":[{"href":"https:\/\/www.diabsite.de\/diabetes-weblog\/wp-json\/wp\/v2\/posts\/45471"}],"collection":[{"href":"https:\/\/www.diabsite.de\/diabetes-weblog\/wp-json\/wp\/v2\/posts"}],"about":[{"href":"https:\/\/www.diabsite.de\/diabetes-weblog\/wp-json\/wp\/v2\/types\/post"}],"author":[{"embeddable":true,"href":"https:\/\/www.diabsite.de\/diabetes-weblog\/wp-json\/wp\/v2\/users\/4"}],"replies":[{"embeddable":true,"href":"https:\/\/www.diabsite.de\/diabetes-weblog\/wp-json\/wp\/v2\/comments?post=45471"}],"version-history":[{"count":4,"href":"https:\/\/www.diabsite.de\/diabetes-weblog\/wp-json\/wp\/v2\/posts\/45471\/revisions"}],"predecessor-version":[{"id":45475,"href":"https:\/\/www.diabsite.de\/diabetes-weblog\/wp-json\/wp\/v2\/posts\/45471\/revisions\/45475"}],"wp:attachment":[{"href":"https:\/\/www.diabsite.de\/diabetes-weblog\/wp-json\/wp\/v2\/media?parent=45471"}],"wp:term":[{"taxonomy":"category","embeddable":true,"href":"https:\/\/www.diabsite.de\/diabetes-weblog\/wp-json\/wp\/v2\/categories?post=45471"},{"taxonomy":"post_tag","embeddable":true,"href":"https:\/\/www.diabsite.de\/diabetes-weblog\/wp-json\/wp\/v2\/tags?post=45471"}],"curies":[{"name":"wp","href":"https:\/\/api.w.org\/{rel}","templated":true}]}}