{"id":45301,"date":"2017-11-20T19:19:55","date_gmt":"2017-11-20T18:19:55","guid":{"rendered":"http:\/\/www.diabsite.de\/diabetes-weblog\/?p=45301"},"modified":"2017-11-20T21:24:36","modified_gmt":"2017-11-20T20:24:36","slug":"ema-standort","status":"publish","type":"post","link":"https:\/\/www.diabsite.de\/diabetes-weblog\/2017\/11\/20\/ema-standort\/","title":{"rendered":"EMA-Standort"},"content":{"rendered":"<p>Entscheidung f\u00fcr die Patienten: Die Europ\u00e4ische Union hat sich heute f\u00fcr Amsterdam als neuen Standort der Europ\u00e4ischen Arzneimittel Agentur&nbsp;(EMA) ausgesprochen. Dazu sagt Dr.&nbsp;Martin Zentgraf, Vorstandsvorsitzender des Bundesverbandes der Pharmazeutischen Industrie&nbsp;e.V.&nbsp;(BPI): &#8222;Die Entscheidung \u00fcber den neuen Sitz der bedeutenden Beh\u00f6rde ist eine vern\u00fcnftige. Amsterdam erf\u00fcllt alle geforderten Kriterien, um die t\u00e4glichen Aufgaben der Agentur reibungslos fortzuf\u00fchren.&#8220; <a href=\"https:\/\/www.diabsite.de\/aktuelles\/nachrichten\/2017\/171120.html\" target=\"_blank\" class=\"ds\" title=\"zur Nachricht (neues Fenster)\">Nachricht lesen<\/a><\/p>\n","protected":false},"excerpt":{"rendered":"<p>Entscheidung f\u00fcr die Patienten: Die Europ\u00e4ische Union hat sich heute f\u00fcr Amsterdam als neuen Standort der Europ\u00e4ischen Arzneimittel Agentur&nbsp;(EMA) ausgesprochen. Dazu sagt Dr.&nbsp;Martin Zentgraf, Vorstandsvorsitzender des Bundesverbandes der Pharmazeutischen Industrie&nbsp;e.V.&nbsp;(BPI): &#8222;Die Entscheidung \u00fcber den neuen Sitz der bedeutenden Beh\u00f6rde ist eine vern\u00fcnftige. Amsterdam erf\u00fcllt alle geforderten Kriterien, um die t\u00e4glichen Aufgaben der Agentur reibungslos fortzuf\u00fchren.&#8220; [&hellip;]<\/p>\n","protected":false},"author":4,"featured_media":0,"comment_status":"open","ping_status":"closed","sticky":false,"template":"","format":"standard","meta":{"footnotes":""},"categories":[2],"tags":[7800,7797,7798,7799,332],"_links":{"self":[{"href":"https:\/\/www.diabsite.de\/diabetes-weblog\/wp-json\/wp\/v2\/posts\/45301"}],"collection":[{"href":"https:\/\/www.diabsite.de\/diabetes-weblog\/wp-json\/wp\/v2\/posts"}],"about":[{"href":"https:\/\/www.diabsite.de\/diabetes-weblog\/wp-json\/wp\/v2\/types\/post"}],"author":[{"embeddable":true,"href":"https:\/\/www.diabsite.de\/diabetes-weblog\/wp-json\/wp\/v2\/users\/4"}],"replies":[{"embeddable":true,"href":"https:\/\/www.diabsite.de\/diabetes-weblog\/wp-json\/wp\/v2\/comments?post=45301"}],"version-history":[{"count":2,"href":"https:\/\/www.diabsite.de\/diabetes-weblog\/wp-json\/wp\/v2\/posts\/45301\/revisions"}],"predecessor-version":[{"id":45303,"href":"https:\/\/www.diabsite.de\/diabetes-weblog\/wp-json\/wp\/v2\/posts\/45301\/revisions\/45303"}],"wp:attachment":[{"href":"https:\/\/www.diabsite.de\/diabetes-weblog\/wp-json\/wp\/v2\/media?parent=45301"}],"wp:term":[{"taxonomy":"category","embeddable":true,"href":"https:\/\/www.diabsite.de\/diabetes-weblog\/wp-json\/wp\/v2\/categories?post=45301"},{"taxonomy":"post_tag","embeddable":true,"href":"https:\/\/www.diabsite.de\/diabetes-weblog\/wp-json\/wp\/v2\/tags?post=45301"}],"curies":[{"name":"wp","href":"https:\/\/api.w.org\/{rel}","templated":true}]}}