{"id":45265,"date":"2017-11-17T08:33:12","date_gmt":"2017-11-17T07:33:12","guid":{"rendered":"http:\/\/www.diabsite.de\/diabetes-weblog\/?p=45265"},"modified":"2017-11-17T08:33:12","modified_gmt":"2017-11-17T07:33:12","slug":"alles-gute-zum-3-blauen-freitag-2017","status":"publish","type":"post","link":"https:\/\/www.diabsite.de\/diabetes-weblog\/2017\/11\/17\/alles-gute-zum-3-blauen-freitag-2017\/","title":{"rendered":"Alles Gute zum 3. Blauen Freitag 2017"},"content":{"rendered":"<p><img loading=\"lazy\" decoding=\"async\" class=\"alignright\" src=\"https:\/\/www.diabsite.de\/diabetes-weblog\/wp-content\/images\/diabetes\/blaue-freitage.jpg\" width=\"150\" height=\"71\" alt=\"Blaue Freitage\" \/> Heute w\u00fcnschen wir Ihnen zum dritten Mal in diesem Jahr: &#8222;Happy Blue Friday!&#8220;. Der November steht ganz im Zeichen des Diabetes. Gerade erst haben wir den Weltdiabetestag gefeiert, schon ist wieder Freitag. Und wieder tragen engagierte Diabetiker blaue T-Shirts und den blauen Kreis, das Symbol f\u00fcr den Weltdiabetestag, denn das Motto lautet: &#8222;Denke blau. Trage blau. Jeden Freitag im November.&#8220;. Es vereint Menschen auf der ganzen Welt. Mit zahlreichen Aktionen tragen sie das Thema ins Bewusstsein der \u00d6ffentlichkeit, um die Diabetes-Pr\u00e4vention zu f\u00f6rdern und sich f\u00fcr eine bessere Versorgung von Diabetikern einzusetzen. Infos zum <a href=\"https:\/\/www.diabsite.de\/aktionen\/weltdiabetestag\/weltdiabetestag.html\" target=\"_blank\" class=\"ds\" title=\"neues Fenster\">Weltdiabetestag<\/a> und zu den es mit den <a href=\"https:\/\/www.diabsite.de\/diabetes-weblog\/2011\/10\/28\/weltdiabetestag-und-blue-fridays\/\" class=\"blog\">&#8222;Blauen Freitagen&#8220;<\/a> haben wir f\u00fcr Sie zusammengestellt. Das DiabSite-Team w\u00fcnscht Ihnen einen sch\u00f6nen Blue Friday!<\/p>\n","protected":false},"excerpt":{"rendered":"<p>Heute w\u00fcnschen wir Ihnen zum dritten Mal in diesem Jahr: &#8222;Happy Blue Friday!&#8220;. Der November steht ganz im Zeichen des Diabetes. Gerade erst haben wir den Weltdiabetestag gefeiert, schon ist wieder Freitag. Und wieder tragen engagierte Diabetiker blaue T-Shirts und den blauen Kreis, das Symbol f\u00fcr den Weltdiabetestag, denn das Motto lautet: &#8222;Denke blau. Trage [&hellip;]<\/p>\n","protected":false},"author":4,"featured_media":0,"comment_status":"open","ping_status":"closed","sticky":false,"template":"","format":"standard","meta":{"footnotes":""},"categories":[1],"tags":[2848,24,30,7787,5522,97],"_links":{"self":[{"href":"https:\/\/www.diabsite.de\/diabetes-weblog\/wp-json\/wp\/v2\/posts\/45265"}],"collection":[{"href":"https:\/\/www.diabsite.de\/diabetes-weblog\/wp-json\/wp\/v2\/posts"}],"about":[{"href":"https:\/\/www.diabsite.de\/diabetes-weblog\/wp-json\/wp\/v2\/types\/post"}],"author":[{"embeddable":true,"href":"https:\/\/www.diabsite.de\/diabetes-weblog\/wp-json\/wp\/v2\/users\/4"}],"replies":[{"embeddable":true,"href":"https:\/\/www.diabsite.de\/diabetes-weblog\/wp-json\/wp\/v2\/comments?post=45265"}],"version-history":[{"count":2,"href":"https:\/\/www.diabsite.de\/diabetes-weblog\/wp-json\/wp\/v2\/posts\/45265\/revisions"}],"predecessor-version":[{"id":45267,"href":"https:\/\/www.diabsite.de\/diabetes-weblog\/wp-json\/wp\/v2\/posts\/45265\/revisions\/45267"}],"wp:attachment":[{"href":"https:\/\/www.diabsite.de\/diabetes-weblog\/wp-json\/wp\/v2\/media?parent=45265"}],"wp:term":[{"taxonomy":"category","embeddable":true,"href":"https:\/\/www.diabsite.de\/diabetes-weblog\/wp-json\/wp\/v2\/categories?post=45265"},{"taxonomy":"post_tag","embeddable":true,"href":"https:\/\/www.diabsite.de\/diabetes-weblog\/wp-json\/wp\/v2\/tags?post=45265"}],"curies":[{"name":"wp","href":"https:\/\/api.w.org\/{rel}","templated":true}]}}