{"id":45203,"date":"2017-11-14T11:16:47","date_gmt":"2017-11-14T09:16:47","guid":{"rendered":"http:\/\/www.diabsite.de\/diabetes-weblog\/?p=45203"},"modified":"2017-11-14T14:24:09","modified_gmt":"2017-11-14T12:24:09","slug":"heute-ist-weltdiabetestag-6","status":"publish","type":"post","link":"https:\/\/www.diabsite.de\/diabetes-weblog\/2017\/11\/14\/heute-ist-weltdiabetestag-6\/","title":{"rendered":"Heute ist Weltdiabetestag"},"content":{"rendered":"<p><a href=\"https:\/\/www.diabsite.de\/\" target=\"_blank\" class=\"ds\" title=\"neues Fenster\"><img loading=\"lazy\" decoding=\"async\" class=\"alignright\" src=\"https:\/\/www.diabsite.de\/diabetes-weblog\/wp-content\/images\/diabetes\/weltdiabetestag-blau.jpg\" width=\"150\" height=\"57\" alt=\"Diabetes-Portal DiabSite leuchtet blau\" \/><\/a> Was es damit auf sich hat, erfahren Sie auf dem unabh\u00e4ngigen Diabetes-Portal DiabSite. Wir informieren Sie umfassend \u00fcber den <a href=\"https:\/\/www.diabsite.de\/aktionen\/weltdiabetestag\/weltdiabetestag.html\" target=\"_blank\" class=\"ds\" title=\"neues Fenster\">Weltdiabetestag<\/a>,  der 1991 von der Internationalen Diabetes-F\u00f6deration und der Weltgesundheitsorganisation als Aktionstag eingef\u00fchrt wurde. Seit 2007 ist er auch ein <a href=\"https:\/\/www.diabsite.de\/aktionen\/weltdiabetestag\/resolution.html\" target=\"_blank\" class=\"ds\" title=\"neues Fenster\">Tag der Vereinten Nationen<\/a>. Auf der ganzen Welt machen Diabetiker und Nicht-Diabetiker heute auf die Volkskrankheit Diabetes aufmerksam. Die <strong>blau<\/strong>-gelbe DiabSite tr\u00e4gt das Thema an 365&nbsp;Tagen im Jahr in die \u00d6ffentlichkeit. <strong>Happy World Diabetes Day!<\/strong><\/p>\n","protected":false},"excerpt":{"rendered":"<p>Was es damit auf sich hat, erfahren Sie auf dem unabh\u00e4ngigen Diabetes-Portal DiabSite. Wir informieren Sie umfassend \u00fcber den Weltdiabetestag, der 1991 von der Internationalen Diabetes-F\u00f6deration und der Weltgesundheitsorganisation als Aktionstag eingef\u00fchrt wurde. Seit 2007 ist er auch ein Tag der Vereinten Nationen. Auf der ganzen Welt machen Diabetiker und Nicht-Diabetiker heute auf die Volkskrankheit [&hellip;]<\/p>\n","protected":false},"author":4,"featured_media":0,"comment_status":"open","ping_status":"closed","sticky":false,"template":"","format":"standard","meta":{"footnotes":""},"categories":[1],"tags":[2308,30,2847,588,3555],"_links":{"self":[{"href":"https:\/\/www.diabsite.de\/diabetes-weblog\/wp-json\/wp\/v2\/posts\/45203"}],"collection":[{"href":"https:\/\/www.diabsite.de\/diabetes-weblog\/wp-json\/wp\/v2\/posts"}],"about":[{"href":"https:\/\/www.diabsite.de\/diabetes-weblog\/wp-json\/wp\/v2\/types\/post"}],"author":[{"embeddable":true,"href":"https:\/\/www.diabsite.de\/diabetes-weblog\/wp-json\/wp\/v2\/users\/4"}],"replies":[{"embeddable":true,"href":"https:\/\/www.diabsite.de\/diabetes-weblog\/wp-json\/wp\/v2\/comments?post=45203"}],"version-history":[{"count":2,"href":"https:\/\/www.diabsite.de\/diabetes-weblog\/wp-json\/wp\/v2\/posts\/45203\/revisions"}],"predecessor-version":[{"id":45205,"href":"https:\/\/www.diabsite.de\/diabetes-weblog\/wp-json\/wp\/v2\/posts\/45203\/revisions\/45205"}],"wp:attachment":[{"href":"https:\/\/www.diabsite.de\/diabetes-weblog\/wp-json\/wp\/v2\/media?parent=45203"}],"wp:term":[{"taxonomy":"category","embeddable":true,"href":"https:\/\/www.diabsite.de\/diabetes-weblog\/wp-json\/wp\/v2\/categories?post=45203"},{"taxonomy":"post_tag","embeddable":true,"href":"https:\/\/www.diabsite.de\/diabetes-weblog\/wp-json\/wp\/v2\/tags?post=45203"}],"curies":[{"name":"wp","href":"https:\/\/api.w.org\/{rel}","templated":true}]}}