{"id":45149,"date":"2017-11-10T10:27:10","date_gmt":"2017-11-10T08:27:10","guid":{"rendered":"http:\/\/www.diabsite.de\/diabetes-weblog\/?p=45149"},"modified":"2017-11-10T16:05:05","modified_gmt":"2017-11-10T14:05:05","slug":"2-blue-friday-zum-weltdiabetestag","status":"publish","type":"post","link":"https:\/\/www.diabsite.de\/diabetes-weblog\/2017\/11\/10\/2-blue-friday-zum-weltdiabetestag\/","title":{"rendered":"2. Blue Friday zum Weltdiabetestag"},"content":{"rendered":"<p><a href=\"https:\/\/www.diabsite.de\/diabetes-weblog\/wp-content\/images\/diabetes\/blaue-freitage-gr.jpg\"><img loading=\"lazy\" decoding=\"async\" class=\"alignright\" src=\"https:\/\/www.diabsite.de\/diabetes-weblog\/wp-content\/images\/diabetes\/_blaue-freitage-gr.jpg\" width=\"150\" height=\"70\" alt=\"Blaue Freitage\" \/><\/a> &#8222;Denke blau. Trage blau.&#8220; So lautet das Motto der Blauen Freitage im November. Sie dienen der Diabetes-Aufkl\u00e4rung. Diabetiker und Nicht-Diabetiker tragen an diesen Tagen blaue Kleidungsst\u00fccke. Blau ist die Farbe des Diabeteskreises, dem weltweiten Symbol f\u00fcr Diabetes. In diesen Tagen bringen Menschen mit kleinen und gro\u00dfen Aktionen die Volkskrankheit ins Bewusstsein der \u00d6ffentlichkeit. Fr\u00fcher gab es daf\u00fcr nur den <a href=\"https:\/\/www.diabsite.de\/aktionen\/weltdiabetestag\/weltdiabetestag.html\" target=\"_blank\" class=\"ds\" title=\"neues Fenster\">Weltdiabetestag<\/a> am 14.&nbsp;November. Heute machen sie an allen Freitagen des Monats (manche sogar des Jahres) auf die Stoffwechselkrankheit aufmerksam. Schlie\u00dflich sollte jeder die wichtigsten Fakten zum Diabetes mellitus kennen und bei einem erh\u00f6hten Risiko rechtzeitig zum Arzt gehen. Ihr ganz pers\u00f6nliches Diabetesrisiko k\u00f6nnen Sie auf der DiabSite jetzt mit dem <a href=\"https:\/\/www.diabsite.de\/themen\/diabetes-praevention\/findrisk.html\" target=\"_blank\" class=\"ds\" title=\"zum Diabetestest (neues Fenster)\">FINDRISK-Fragebogen<\/a> testen. Dieses <a href=\"https:\/\/www.diabsite.de\/diabetes-weblog\/2011\/10\/28\/weltdiabetestag-und-blue-fridays\/\" class=\"blog\">Weblog<\/a> bietet noch mehr Infos zu den Blauen Freitagen. &#8222;Happy Blue Friday!&#8220;<\/p>\n<p><i>Zum Vergr\u00f6\u00dfern bitte auf das Bild klicken<\/i><\/p>\n","protected":false},"excerpt":{"rendered":"<p>&#8222;Denke blau. Trage blau.&#8220; So lautet das Motto der Blauen Freitage im November. Sie dienen der Diabetes-Aufkl\u00e4rung. Diabetiker und Nicht-Diabetiker tragen an diesen Tagen blaue Kleidungsst\u00fccke. Blau ist die Farbe des Diabeteskreises, dem weltweiten Symbol f\u00fcr Diabetes. In diesen Tagen bringen Menschen mit kleinen und gro\u00dfen Aktionen die Volkskrankheit ins Bewusstsein der \u00d6ffentlichkeit. Fr\u00fcher gab [&hellip;]<\/p>\n","protected":false},"author":4,"featured_media":0,"comment_status":"open","ping_status":"closed","sticky":false,"template":"","format":"standard","meta":{"footnotes":""},"categories":[1],"tags":[2850,2962,2291,30,588],"_links":{"self":[{"href":"https:\/\/www.diabsite.de\/diabetes-weblog\/wp-json\/wp\/v2\/posts\/45149"}],"collection":[{"href":"https:\/\/www.diabsite.de\/diabetes-weblog\/wp-json\/wp\/v2\/posts"}],"about":[{"href":"https:\/\/www.diabsite.de\/diabetes-weblog\/wp-json\/wp\/v2\/types\/post"}],"author":[{"embeddable":true,"href":"https:\/\/www.diabsite.de\/diabetes-weblog\/wp-json\/wp\/v2\/users\/4"}],"replies":[{"embeddable":true,"href":"https:\/\/www.diabsite.de\/diabetes-weblog\/wp-json\/wp\/v2\/comments?post=45149"}],"version-history":[{"count":6,"href":"https:\/\/www.diabsite.de\/diabetes-weblog\/wp-json\/wp\/v2\/posts\/45149\/revisions"}],"predecessor-version":[{"id":52864,"href":"https:\/\/www.diabsite.de\/diabetes-weblog\/wp-json\/wp\/v2\/posts\/45149\/revisions\/52864"}],"wp:attachment":[{"href":"https:\/\/www.diabsite.de\/diabetes-weblog\/wp-json\/wp\/v2\/media?parent=45149"}],"wp:term":[{"taxonomy":"category","embeddable":true,"href":"https:\/\/www.diabsite.de\/diabetes-weblog\/wp-json\/wp\/v2\/categories?post=45149"},{"taxonomy":"post_tag","embeddable":true,"href":"https:\/\/www.diabsite.de\/diabetes-weblog\/wp-json\/wp\/v2\/tags?post=45149"}],"curies":[{"name":"wp","href":"https:\/\/api.w.org\/{rel}","templated":true}]}}