{"id":45052,"date":"2017-11-01T16:02:07","date_gmt":"2017-11-01T14:02:07","guid":{"rendered":"http:\/\/www.diabsite.de\/diabetes-weblog\/?p=45052"},"modified":"2017-11-02T00:14:36","modified_gmt":"2017-11-01T22:14:36","slug":"bll-staerkung-laendlicher-raum","status":"publish","type":"post","link":"https:\/\/www.diabsite.de\/diabetes-weblog\/2017\/11\/01\/bll-staerkung-laendlicher-raum\/","title":{"rendered":"BLL fordert St\u00e4rkung des l\u00e4ndlichen Raums"},"content":{"rendered":"<p>Lebensmittelindustrie lehnt von Deutscher Diabetes Gesellschaft geforderte Strafsteuern kategorisch&nbsp;ab: Anl\u00e4sslich der Sondierungsgespr\u00e4che zum Thema Landwirtschaft, und Verbraucherschutz fordert der Bund f\u00fcr Lebensmittelrecht und Lebensmittelkunde&nbsp;e.&nbsp;V.&nbsp;(BLL) als Spitzenverband der deutschen Lebensmittelwirtschaft die Gespr\u00e4chsteilnehmer zu einer St\u00e4rkung des l\u00e4ndlichen Raums und einer Betrachtung der Wertsch\u00f6pfungskette als Gesamtheit auf: &#8222;Ern\u00e4hrungspolitik ist die Wirtschaftspolitik des l\u00e4ndlichen Raums&#8220;, erkl\u00e4rt BLL-Hauptgesch\u00e4ftsf\u00fchrer Christoph Minhoff: &#8222;Ohne den l\u00e4ndlichen Raum, seine Landwirtschaft und das dort ans\u00e4ssige produzierende Gewerbe h\u00e4tten St\u00e4dter ein Versorgungsproblem. Diese Wirtschaftsleitung muss endlich anerkannt werden.&#8220; Die von der Deutschen Diabetes Gesellschaft geforderte Zucker- und Fettsteuer lehnt der Verband&nbsp;ab. <a href=\"https:\/\/www.diabsite.de\/aktuelles\/nachrichten\/2017\/171101.html\" target=\"_blank\" class=\"ds\" title=\"zur Nachricht (neues Fenster)\">Nachricht lesen<\/a><\/p>\n","protected":false},"excerpt":{"rendered":"<p>Lebensmittelindustrie lehnt von Deutscher Diabetes Gesellschaft geforderte Strafsteuern kategorisch&nbsp;ab: Anl\u00e4sslich der Sondierungsgespr\u00e4che zum Thema Landwirtschaft, und Verbraucherschutz fordert der Bund f\u00fcr Lebensmittelrecht und Lebensmittelkunde&nbsp;e.&nbsp;V.&nbsp;(BLL) als Spitzenverband der deutschen Lebensmittelwirtschaft die Gespr\u00e4chsteilnehmer zu einer St\u00e4rkung des l\u00e4ndlichen Raums und einer Betrachtung der Wertsch\u00f6pfungskette als Gesamtheit auf: &#8222;Ern\u00e4hrungspolitik ist die Wirtschaftspolitik des l\u00e4ndlichen Raums&#8220;, erkl\u00e4rt BLL-Hauptgesch\u00e4ftsf\u00fchrer Christoph [&hellip;]<\/p>\n","protected":false},"author":4,"featured_media":0,"comment_status":"open","ping_status":"closed","sticky":false,"template":"","format":"standard","meta":{"footnotes":""},"categories":[2],"tags":[7743,1308,39,7744,5281,7551,7745],"_links":{"self":[{"href":"https:\/\/www.diabsite.de\/diabetes-weblog\/wp-json\/wp\/v2\/posts\/45052"}],"collection":[{"href":"https:\/\/www.diabsite.de\/diabetes-weblog\/wp-json\/wp\/v2\/posts"}],"about":[{"href":"https:\/\/www.diabsite.de\/diabetes-weblog\/wp-json\/wp\/v2\/types\/post"}],"author":[{"embeddable":true,"href":"https:\/\/www.diabsite.de\/diabetes-weblog\/wp-json\/wp\/v2\/users\/4"}],"replies":[{"embeddable":true,"href":"https:\/\/www.diabsite.de\/diabetes-weblog\/wp-json\/wp\/v2\/comments?post=45052"}],"version-history":[{"count":3,"href":"https:\/\/www.diabsite.de\/diabetes-weblog\/wp-json\/wp\/v2\/posts\/45052\/revisions"}],"predecessor-version":[{"id":45067,"href":"https:\/\/www.diabsite.de\/diabetes-weblog\/wp-json\/wp\/v2\/posts\/45052\/revisions\/45067"}],"wp:attachment":[{"href":"https:\/\/www.diabsite.de\/diabetes-weblog\/wp-json\/wp\/v2\/media?parent=45052"}],"wp:term":[{"taxonomy":"category","embeddable":true,"href":"https:\/\/www.diabsite.de\/diabetes-weblog\/wp-json\/wp\/v2\/categories?post=45052"},{"taxonomy":"post_tag","embeddable":true,"href":"https:\/\/www.diabsite.de\/diabetes-weblog\/wp-json\/wp\/v2\/tags?post=45052"}],"curies":[{"name":"wp","href":"https:\/\/api.w.org\/{rel}","templated":true}]}}