{"id":45025,"date":"2017-10-27T17:11:58","date_gmt":"2017-10-27T15:11:58","guid":{"rendered":"http:\/\/www.diabsite.de\/diabetes-weblog\/?p=45025"},"modified":"2017-10-28T22:15:34","modified_gmt":"2017-10-28T20:15:34","slug":"7-diabetes-gala-in-berlin-mit-philipp-lahm","status":"publish","type":"post","link":"https:\/\/www.diabsite.de\/diabetes-weblog\/2017\/10\/27\/7-diabetes-gala-in-berlin-mit-philipp-lahm\/","title":{"rendered":"7. Diabetes Gala in Berlin mit Philipp Lahm"},"content":{"rendered":"<p>Thomas Fuchsberger-Preis 2017 geht an Dr.&nbsp;Karsten Milek: Die gemeinn\u00fctzige und unabh\u00e4ngige Gesamtorganisation diabetesDE&nbsp;&#8211; Deutsche Diabetes-Hilfe hat gestern in Berlin zum siebten Mal zur Diabetes-Charity-Gala in das TIPI am Kanzleramt eingeladen und Diabetes und seine Folgeerkrankungen in den Fokus der \u00d6ffentlichkeit gestellt. Im Rahmen der Gala wurde wie in den vergangenen sechs Jahren der &#8222;Thomas-Fuchsberger-Preis&#8220; an eine ehrenamtlich t\u00e4tige Person verliehen, die sich f\u00fcr die Aufkl\u00e4rung \u00fcber Diabetes engagiert. \u00dcberreicht wurde der Preis, wie auch in den beiden letzten Jahren, von Jennifer und Julien Fuchsberger, den Enkelkindern von &#8222;Blacky&#8220; Fuchsberger. Dar\u00fcber hinaus wurden Spenden f\u00fcr zwei diabetesDE-Spendenprojekte in H\u00f6he von \u00fcber 84.000,00&nbsp;Euro gesammelt. Geladen waren G\u00e4ste aus Politik, Wirtschaft und Showbusiness. Durch den Abend f\u00fchrte die TV-Moderatorin Inka Bause. Die Auftaktrede hielt Weltmeister und Fu\u00dfballer des Jahres und heutiger Unternehmer, Philipp&nbsp;Lahm. <a href=\"https:\/\/www.diabsite.de\/aktuelles\/nachrichten\/2017\/171027.html\" target=\"_blank\" class=\"ds\" title=\"zur Nachricht (neues Fenster)\">Nachricht lesen<\/a><\/p>\n","protected":false},"excerpt":{"rendered":"<p>Thomas Fuchsberger-Preis 2017 geht an Dr.&nbsp;Karsten Milek: Die gemeinn\u00fctzige und unabh\u00e4ngige Gesamtorganisation diabetesDE&nbsp;&#8211; Deutsche Diabetes-Hilfe hat gestern in Berlin zum siebten Mal zur Diabetes-Charity-Gala in das TIPI am Kanzleramt eingeladen und Diabetes und seine Folgeerkrankungen in den Fokus der \u00d6ffentlichkeit gestellt. Im Rahmen der Gala wurde wie in den vergangenen sechs Jahren der &#8222;Thomas-Fuchsberger-Preis&#8220; an [&hellip;]<\/p>\n","protected":false},"author":4,"featured_media":0,"comment_status":"open","ping_status":"closed","sticky":false,"template":"","format":"standard","meta":{"footnotes":""},"categories":[2],"tags":[24,6562,7590,428],"_links":{"self":[{"href":"https:\/\/www.diabsite.de\/diabetes-weblog\/wp-json\/wp\/v2\/posts\/45025"}],"collection":[{"href":"https:\/\/www.diabsite.de\/diabetes-weblog\/wp-json\/wp\/v2\/posts"}],"about":[{"href":"https:\/\/www.diabsite.de\/diabetes-weblog\/wp-json\/wp\/v2\/types\/post"}],"author":[{"embeddable":true,"href":"https:\/\/www.diabsite.de\/diabetes-weblog\/wp-json\/wp\/v2\/users\/4"}],"replies":[{"embeddable":true,"href":"https:\/\/www.diabsite.de\/diabetes-weblog\/wp-json\/wp\/v2\/comments?post=45025"}],"version-history":[{"count":2,"href":"https:\/\/www.diabsite.de\/diabetes-weblog\/wp-json\/wp\/v2\/posts\/45025\/revisions"}],"predecessor-version":[{"id":45027,"href":"https:\/\/www.diabsite.de\/diabetes-weblog\/wp-json\/wp\/v2\/posts\/45025\/revisions\/45027"}],"wp:attachment":[{"href":"https:\/\/www.diabsite.de\/diabetes-weblog\/wp-json\/wp\/v2\/media?parent=45025"}],"wp:term":[{"taxonomy":"category","embeddable":true,"href":"https:\/\/www.diabsite.de\/diabetes-weblog\/wp-json\/wp\/v2\/categories?post=45025"},{"taxonomy":"post_tag","embeddable":true,"href":"https:\/\/www.diabsite.de\/diabetes-weblog\/wp-json\/wp\/v2\/tags?post=45025"}],"curies":[{"name":"wp","href":"https:\/\/api.w.org\/{rel}","templated":true}]}}