{"id":44933,"date":"2017-10-18T15:18:48","date_gmt":"2017-10-18T13:18:48","guid":{"rendered":"http:\/\/www.diabsite.de\/diabetes-weblog\/?p=44933"},"modified":"2017-10-18T22:31:47","modified_gmt":"2017-10-18T20:31:47","slug":"grosser-besucherandrang-zum-15-duesseldorfer-diabetes-tag","status":"publish","type":"post","link":"https:\/\/www.diabsite.de\/diabetes-weblog\/2017\/10\/18\/grosser-besucherandrang-zum-15-duesseldorfer-diabetes-tag\/","title":{"rendered":"Gro\u00dfer Besucherandrang zum 15. D\u00fcsseldorfer Diabetes-Tag"},"content":{"rendered":"<p><a href=\"https:\/\/www.diabsite.de\/aktuelles\/nachrichten\/2017\/171018.html\" target=\"_blank\" class=\"ds\" title=\"zur Nachricht (neues Fenster)\"><img loading=\"lazy\" decoding=\"async\" class=\"alignright\" src=\"https:\/\/www.diabsite.de\/diabetes-weblog\/wp-content\/images\/2017\/171018.jpg\" width=\"150\" height=\"171\" alt=\"Er\u00f6ffnung des 15. D\u00fcsseldorfer Diabetes-Tags\" \/><\/a> Vorstellung neuer Behandlungsformen und aktueller Entwicklungen in der Diabetesforschung: Ern\u00e4hrung, Bewegung, Therapie, Folgeerkrankungen, Technologien, Diabetes im Kindes- und Jugendalter: Dicht dr\u00e4ngten sich die Besucherinnen und Besucher am Samstag&nbsp;(30.09.2017) in den Vortragss\u00e4len und rund um die Ausstellerst\u00e4nde in der Handwerkskammer D\u00fcsseldorf. Unter dem Themenschwerpunkt &#8222;Neue Therapiekonzepte und Technologien&#8220; er\u00f6ffneten der Vorstand des Deutschen Diabetes-Zentrums, Prof.&nbsp;Dr.&nbsp;Michael Roden, der Beigeordnete f\u00fcr Gesundheit der Landeshauptstadt D\u00fcsseldorf, Prof.&nbsp;Dr.&nbsp;Andreas Meyer-Falcke, und der NRW-Landesvorsitzende der Deutschen Diabetes-Hilfe&nbsp;&#8211; Menschen mit Diabetes, Martin Hadder, den 15.&nbsp;D\u00fcsseldorfer Diabetes-Tag. <a href=\"https:\/\/www.diabsite.de\/aktuelles\/nachrichten\/2017\/171018.html\" target=\"_blank\" class=\"ds\" title=\"zur Nachricht (neues Fenster)\">Nachricht lesen<\/a><\/p>\n","protected":false},"excerpt":{"rendered":"<p>Vorstellung neuer Behandlungsformen und aktueller Entwicklungen in der Diabetesforschung: Ern\u00e4hrung, Bewegung, Therapie, Folgeerkrankungen, Technologien, Diabetes im Kindes- und Jugendalter: Dicht dr\u00e4ngten sich die Besucherinnen und Besucher am Samstag&nbsp;(30.09.2017) in den Vortragss\u00e4len und rund um die Ausstellerst\u00e4nde in der Handwerkskammer D\u00fcsseldorf. Unter dem Themenschwerpunkt &#8222;Neue Therapiekonzepte und Technologien&#8220; er\u00f6ffneten der Vorstand des Deutschen Diabetes-Zentrums, Prof.&nbsp;Dr.&nbsp;Michael Roden, [&hellip;]<\/p>\n","protected":false},"author":4,"featured_media":0,"comment_status":"open","ping_status":"closed","sticky":false,"template":"","format":"standard","meta":{"footnotes":""},"categories":[2],"tags":[494,585,7695,39,817,122,4659,80],"_links":{"self":[{"href":"https:\/\/www.diabsite.de\/diabetes-weblog\/wp-json\/wp\/v2\/posts\/44933"}],"collection":[{"href":"https:\/\/www.diabsite.de\/diabetes-weblog\/wp-json\/wp\/v2\/posts"}],"about":[{"href":"https:\/\/www.diabsite.de\/diabetes-weblog\/wp-json\/wp\/v2\/types\/post"}],"author":[{"embeddable":true,"href":"https:\/\/www.diabsite.de\/diabetes-weblog\/wp-json\/wp\/v2\/users\/4"}],"replies":[{"embeddable":true,"href":"https:\/\/www.diabsite.de\/diabetes-weblog\/wp-json\/wp\/v2\/comments?post=44933"}],"version-history":[{"count":2,"href":"https:\/\/www.diabsite.de\/diabetes-weblog\/wp-json\/wp\/v2\/posts\/44933\/revisions"}],"predecessor-version":[{"id":44935,"href":"https:\/\/www.diabsite.de\/diabetes-weblog\/wp-json\/wp\/v2\/posts\/44933\/revisions\/44935"}],"wp:attachment":[{"href":"https:\/\/www.diabsite.de\/diabetes-weblog\/wp-json\/wp\/v2\/media?parent=44933"}],"wp:term":[{"taxonomy":"category","embeddable":true,"href":"https:\/\/www.diabsite.de\/diabetes-weblog\/wp-json\/wp\/v2\/categories?post=44933"},{"taxonomy":"post_tag","embeddable":true,"href":"https:\/\/www.diabsite.de\/diabetes-weblog\/wp-json\/wp\/v2\/tags?post=44933"}],"curies":[{"name":"wp","href":"https:\/\/api.w.org\/{rel}","templated":true}]}}