{"id":41292,"date":"2016-11-25T10:50:32","date_gmt":"2016-11-25T09:50:32","guid":{"rendered":"http:\/\/www.diabsite.de\/diabetes-weblog\/?p=41292"},"modified":"2016-11-25T10:50:32","modified_gmt":"2016-11-25T09:50:32","slug":"diabetes-4-blue-friday-2016","status":"publish","type":"post","link":"https:\/\/www.diabsite.de\/diabetes-weblog\/2016\/11\/25\/diabetes-4-blue-friday-2016\/","title":{"rendered":"Diabetes: 4. Blue Friday 2016"},"content":{"rendered":"<p><img loading=\"lazy\" decoding=\"async\" class=\"alignright\" src=\"https:\/\/www.diabsite.de\/diabetes-weblog\/wp-content\/images\/diabetes\/blaue-freitage.jpg\" width=\"150\" height=\"71\" alt=\"Blaue Freitage\" \/> Heute &#8211;&nbsp;knapp zwei Wochen nach dem Weltdiabetestag&nbsp;2016&nbsp;&#8211; ist der 4.&nbsp;Blaue Freitag im November.  Mit den Blue Fridays ist aus dem Weltdiabetestag l\u00e4ngst ein Weltdiabetesmonat geworden. Zunehmend r\u00fcckt der Diabetes mellitus ins Bewusstsein der \u00d6ffentlichkeit, denn die Zahl der Diabetiker steigt weltweit rasant und ist eine gro\u00dfe Herausforderung f\u00fcr die Gesundheitssysteme. An den vier Freitagen im November machen Menschen deshalb auf die Volkskrankheit aufmerksam. Mit Veranstaltungen, Flyern und Aktionen zur Blutzuckermessung sensibilisieren sie f\u00fcr das Thema &#8222;Diabetes&#8220; und entdecken unerkannte Typ-2-Diabetiker. So werden Folgeerkrankungen vermieden und ein ges\u00fcnderer Lebensstil gef\u00f6rdert. Unter dem Motto: &#8222;Denke blau. Trage blau. Jeden Freitag im November.&#8220; k\u00f6nnen auch Sie heute die Diabetes-Pr\u00e4vention f\u00f6rdern und f\u00fcr eine bessere Versorgung von Diabetikern eintreten. Infos zum <a href=\"https:\/\/www.diabsite.de\/aktionen\/weltdiabetestag\/weltdiabetestag.html\" target=\"_blank\" class=\"ds\" title=\"neues Fenster\">Weltdiabetestag<\/a> stellen wir f\u00fcr Sie bereit. Was es mit den &#8222;Blauen Freitagen&#8220; auf sich hat, erfahren Sie in diesem <a href=\"https:\/\/www.diabsite.de\/diabetes-weblog\/2011\/10\/28\/weltdiabetestag-und-blue-fridays\/\" class=\"blog\">Diabetes-Weblog<\/a>. Wir w\u00fcnschen Ihnen viel Erfolg f\u00fcr Ihre Aktionen und &#8222;Happy Blue Friday&#8220;!<\/p>\n","protected":false},"excerpt":{"rendered":"<p>Heute &#8211;&nbsp;knapp zwei Wochen nach dem Weltdiabetestag&nbsp;2016&nbsp;&#8211; ist der 4.&nbsp;Blaue Freitag im November. Mit den Blue Fridays ist aus dem Weltdiabetestag l\u00e4ngst ein Weltdiabetesmonat geworden. Zunehmend r\u00fcckt der Diabetes mellitus ins Bewusstsein der \u00d6ffentlichkeit, denn die Zahl der Diabetiker steigt weltweit rasant und ist eine gro\u00dfe Herausforderung f\u00fcr die Gesundheitssysteme. An den vier Freitagen im [&hellip;]<\/p>\n","protected":false},"author":4,"featured_media":0,"comment_status":"open","ping_status":"closed","sticky":false,"template":"","format":"standard","meta":{"footnotes":""},"categories":[1],"tags":[2848,24,6699,30,794,2753,5522],"_links":{"self":[{"href":"https:\/\/www.diabsite.de\/diabetes-weblog\/wp-json\/wp\/v2\/posts\/41292"}],"collection":[{"href":"https:\/\/www.diabsite.de\/diabetes-weblog\/wp-json\/wp\/v2\/posts"}],"about":[{"href":"https:\/\/www.diabsite.de\/diabetes-weblog\/wp-json\/wp\/v2\/types\/post"}],"author":[{"embeddable":true,"href":"https:\/\/www.diabsite.de\/diabetes-weblog\/wp-json\/wp\/v2\/users\/4"}],"replies":[{"embeddable":true,"href":"https:\/\/www.diabsite.de\/diabetes-weblog\/wp-json\/wp\/v2\/comments?post=41292"}],"version-history":[{"count":3,"href":"https:\/\/www.diabsite.de\/diabetes-weblog\/wp-json\/wp\/v2\/posts\/41292\/revisions"}],"predecessor-version":[{"id":41295,"href":"https:\/\/www.diabsite.de\/diabetes-weblog\/wp-json\/wp\/v2\/posts\/41292\/revisions\/41295"}],"wp:attachment":[{"href":"https:\/\/www.diabsite.de\/diabetes-weblog\/wp-json\/wp\/v2\/media?parent=41292"}],"wp:term":[{"taxonomy":"category","embeddable":true,"href":"https:\/\/www.diabsite.de\/diabetes-weblog\/wp-json\/wp\/v2\/categories?post=41292"},{"taxonomy":"post_tag","embeddable":true,"href":"https:\/\/www.diabsite.de\/diabetes-weblog\/wp-json\/wp\/v2\/tags?post=41292"}],"curies":[{"name":"wp","href":"https:\/\/api.w.org\/{rel}","templated":true}]}}