{"id":41236,"date":"2016-11-20T10:37:20","date_gmt":"2016-11-20T09:37:20","guid":{"rendered":"http:\/\/www.diabsite.de\/diabetes-weblog\/?p=41236"},"modified":"2016-11-21T22:30:41","modified_gmt":"2016-11-21T21:30:41","slug":"diabetes-ist-eine-tickende-zeitbombe","status":"publish","type":"post","link":"https:\/\/www.diabsite.de\/diabetes-weblog\/2016\/11\/20\/diabetes-ist-eine-tickende-zeitbombe\/","title":{"rendered":"Diabetes ist eine tickende Zeitbombe"},"content":{"rendered":"<p><a href=\"https:\/\/www.diabsite.de\/aktuelles\/nachrichten\/2016\/161120.html\" target=\"_blank\" class=\"ds\" title=\"zur Nachricht (neues Fenster)\"><img loading=\"lazy\" decoding=\"async\" class=\"alignright\" src=\"https:\/\/www.diabsite.de\/diabetes-weblog\/wp-content\/images\/2016\/161120.jpg\" width=\"150\" height=\"100\" alt=\"Prof. Dr. Matthias Bl\u00fcher\" \/><\/a> Am 14. November war der Weltdiabetestag. Nach Angaben des Robert Koch-Instituts ist bei etwa 4,6&nbsp;Millionen der 18- bis 79-J\u00e4hrigen in Deutschland Diabetes mellitus diagnostiziert, bei rund 1,3&nbsp;Millionen ist die Erkrankung unerkannt. In diesem Jahr stand die fr\u00fchzeitige Entdeckung der Stoffwechselkrankheit im Vordergrund des Aktionstages. Prof.&nbsp;Dr.&nbsp;Matthias Bl\u00fcher, Leiter der AdipositasAmbulanz f\u00fcr Erwachsene der Universit\u00e4tsmedizin Leipzig, spricht im Interview \u00fcber Entwicklungen, Ursachen und Auswege aus der Volkskrankheit Diabetes. <a href=\"https:\/\/www.diabsite.de\/aktuelles\/nachrichten\/2016\/161120.html\" target=\"_blank\" class=\"ds\" title=\"zur Nachricht (neues Fenster)\">Nachricht lesen<\/a><\/p>\n","protected":false},"excerpt":{"rendered":"<p>Am 14. November war der Weltdiabetestag. Nach Angaben des Robert Koch-Instituts ist bei etwa 4,6&nbsp;Millionen der 18- bis 79-J\u00e4hrigen in Deutschland Diabetes mellitus diagnostiziert, bei rund 1,3&nbsp;Millionen ist die Erkrankung unerkannt. In diesem Jahr stand die fr\u00fchzeitige Entdeckung der Stoffwechselkrankheit im Vordergrund des Aktionstages. Prof.&nbsp;Dr.&nbsp;Matthias Bl\u00fcher, Leiter der AdipositasAmbulanz f\u00fcr Erwachsene der Universit\u00e4tsmedizin Leipzig, spricht [&hellip;]<\/p>\n","protected":false},"author":4,"featured_media":0,"comment_status":"open","ping_status":"closed","sticky":false,"template":"","format":"standard","meta":{"footnotes":""},"categories":[2],"tags":[50,24,198,484,60,588],"_links":{"self":[{"href":"https:\/\/www.diabsite.de\/diabetes-weblog\/wp-json\/wp\/v2\/posts\/41236"}],"collection":[{"href":"https:\/\/www.diabsite.de\/diabetes-weblog\/wp-json\/wp\/v2\/posts"}],"about":[{"href":"https:\/\/www.diabsite.de\/diabetes-weblog\/wp-json\/wp\/v2\/types\/post"}],"author":[{"embeddable":true,"href":"https:\/\/www.diabsite.de\/diabetes-weblog\/wp-json\/wp\/v2\/users\/4"}],"replies":[{"embeddable":true,"href":"https:\/\/www.diabsite.de\/diabetes-weblog\/wp-json\/wp\/v2\/comments?post=41236"}],"version-history":[{"count":3,"href":"https:\/\/www.diabsite.de\/diabetes-weblog\/wp-json\/wp\/v2\/posts\/41236\/revisions"}],"predecessor-version":[{"id":41252,"href":"https:\/\/www.diabsite.de\/diabetes-weblog\/wp-json\/wp\/v2\/posts\/41236\/revisions\/41252"}],"wp:attachment":[{"href":"https:\/\/www.diabsite.de\/diabetes-weblog\/wp-json\/wp\/v2\/media?parent=41236"}],"wp:term":[{"taxonomy":"category","embeddable":true,"href":"https:\/\/www.diabsite.de\/diabetes-weblog\/wp-json\/wp\/v2\/categories?post=41236"},{"taxonomy":"post_tag","embeddable":true,"href":"https:\/\/www.diabsite.de\/diabetes-weblog\/wp-json\/wp\/v2\/tags?post=41236"}],"curies":[{"name":"wp","href":"https:\/\/api.w.org\/{rel}","templated":true}]}}