{"id":41189,"date":"2016-11-17T18:21:09","date_gmt":"2016-11-17T17:21:09","guid":{"rendered":"http:\/\/www.diabsite.de\/diabetes-weblog\/?p=41189"},"modified":"2016-11-17T20:33:11","modified_gmt":"2016-11-17T19:33:11","slug":"allpresan-diabetes-botschafter-2017-gesucht","status":"publish","type":"post","link":"https:\/\/www.diabsite.de\/diabetes-weblog\/2016\/11\/17\/allpresan-diabetes-botschafter-2017-gesucht\/","title":{"rendered":"Allpresan Diabetes Botschafter 2017 gesucht"},"content":{"rendered":"<p><a href=\"https:\/\/www.diabsite.de\/aktuelles\/nachrichten\/2016\/161117b.html\" target=\"_blank\" class=\"ds\" title=\"zur Nachricht (neues Fenster)\"><img loading=\"lazy\" decoding=\"async\" class=\"alignright\" src=\"https:\/\/www.diabsite.de\/diabetes-weblog\/wp-content\/images\/2016\/161117b.jpg\" width=\"150\" height=\"100\" alt=\"Logo: Allpresan Diabetes Bitschafter gesucht\" \/><\/a> Ein Jahr Botschafter f\u00fcr Allpresan&reg; diabetic werden: Anl\u00e4sslich des Weltdiabetestages 2016 hat der Schaum-Creme Hersteller Allpresan&reg; einen Aufruf f\u00fcr den Diabetes-Botschafter&nbsp;2017 gestartet. Als Hersteller der medizinischen Schaum-Creme Allpresan diabetic, das einzige Produkt zur Behandlung trockener Haut bei Diabetikern, sucht Allpresan einen Menschen mit Diabetes, der sich mit seiner ganz pers\u00f6nlichen Geschichte unter dem Gedanken &#8222;Dein Leben mit Diabetes&#8220; bewirbt. <a href=\"https:\/\/www.diabsite.de\/aktuelles\/nachrichten\/2016\/161117b.html\" target=\"_blank\" class=\"ds\" title=\"zur Nachricht (neues Fenster)\">Nachricht lesen<\/a><\/p>\n","protected":false},"excerpt":{"rendered":"<p>Ein Jahr Botschafter f\u00fcr Allpresan&reg; diabetic werden: Anl\u00e4sslich des Weltdiabetestages 2016 hat der Schaum-Creme Hersteller Allpresan&reg; einen Aufruf f\u00fcr den Diabetes-Botschafter&nbsp;2017 gestartet. Als Hersteller der medizinischen Schaum-Creme Allpresan diabetic, das einzige Produkt zur Behandlung trockener Haut bei Diabetikern, sucht Allpresan einen Menschen mit Diabetes, der sich mit seiner ganz pers\u00f6nlichen Geschichte unter dem Gedanken &#8222;Dein [&hellip;]<\/p>\n","protected":false},"author":4,"featured_media":0,"comment_status":"open","ping_status":"closed","sticky":false,"template":"","format":"standard","meta":{"footnotes":""},"categories":[2],"tags":[6662,6663,24,6664,6298],"_links":{"self":[{"href":"https:\/\/www.diabsite.de\/diabetes-weblog\/wp-json\/wp\/v2\/posts\/41189"}],"collection":[{"href":"https:\/\/www.diabsite.de\/diabetes-weblog\/wp-json\/wp\/v2\/posts"}],"about":[{"href":"https:\/\/www.diabsite.de\/diabetes-weblog\/wp-json\/wp\/v2\/types\/post"}],"author":[{"embeddable":true,"href":"https:\/\/www.diabsite.de\/diabetes-weblog\/wp-json\/wp\/v2\/users\/4"}],"replies":[{"embeddable":true,"href":"https:\/\/www.diabsite.de\/diabetes-weblog\/wp-json\/wp\/v2\/comments?post=41189"}],"version-history":[{"count":5,"href":"https:\/\/www.diabsite.de\/diabetes-weblog\/wp-json\/wp\/v2\/posts\/41189\/revisions"}],"predecessor-version":[{"id":41196,"href":"https:\/\/www.diabsite.de\/diabetes-weblog\/wp-json\/wp\/v2\/posts\/41189\/revisions\/41196"}],"wp:attachment":[{"href":"https:\/\/www.diabsite.de\/diabetes-weblog\/wp-json\/wp\/v2\/media?parent=41189"}],"wp:term":[{"taxonomy":"category","embeddable":true,"href":"https:\/\/www.diabsite.de\/diabetes-weblog\/wp-json\/wp\/v2\/categories?post=41189"},{"taxonomy":"post_tag","embeddable":true,"href":"https:\/\/www.diabsite.de\/diabetes-weblog\/wp-json\/wp\/v2\/tags?post=41189"}],"curies":[{"name":"wp","href":"https:\/\/api.w.org\/{rel}","templated":true}]}}