{"id":41176,"date":"2016-11-16T17:12:01","date_gmt":"2016-11-16T16:12:01","guid":{"rendered":"http:\/\/www.diabsite.de\/diabetes-weblog\/?p=41176"},"modified":"2016-11-17T18:29:59","modified_gmt":"2016-11-17T17:29:59","slug":"mehr-lebensqualitat-fur-diabetiker","status":"publish","type":"post","link":"https:\/\/www.diabsite.de\/diabetes-weblog\/2016\/11\/16\/mehr-lebensqualitat-fur-diabetiker\/","title":{"rendered":"Mehr Lebensqualit\u00e4t f\u00fcr Diabetiker"},"content":{"rendered":"<p>Beginnen Sie mit einem einfachen Schritt: Ein weiteres Mal in Folge unterst\u00fctzt der Internationale S\u00fc\u00dfstoffverband&nbsp;(ISA) die Bem\u00fchungen der <a href=\"http:\/\/www.idf.org\/\" target=\"_blank\" class=\"extern\" title=\"neues Fenster\">Internationalen Diabetes F\u00f6deration&nbsp;(IDF)<\/a>, das Bewusstsein f\u00fcr die Pr\u00e4vention und das Management von Diabetes mit gezielten und engagierten Materialien zum <a href=\"http:\/\/www.idf.org\/wdd-index\/index.php\" target=\"_blank\" class=\"extern\" title=\"neues Fenster\">Weltdiabetestag&nbsp;2016<\/a> zu st\u00e4rken. In diesem Jahr kann der ISA dabei auf die wertvolle wissenschaftliche Unterst\u00fctzung des europ\u00e4ischen Spezialisten Netzwerks f\u00fcr Diabetes der <a href=\"http:\/\/www.efad.org\/everyone\" target=\"_blank\" class=\"extern\" title=\"neues Fenster\">Europ\u00e4ischen Vereinigung der Di\u00e4tassistenten&nbsp;(EFAD)<\/a> zur\u00fcckgreifen. <a href=\"https:\/\/www.diabsite.de\/aktuelles\/nachrichten\/2016\/161116c.html\" target=\"_blank\" class=\"ds\" title=\"zur Nachricht (neues Fenster)\">Nachricht lesen<\/a><\/p>\n","protected":false},"excerpt":{"rendered":"<p>Beginnen Sie mit einem einfachen Schritt: Ein weiteres Mal in Folge unterst\u00fctzt der Internationale S\u00fc\u00dfstoffverband&nbsp;(ISA) die Bem\u00fchungen der Internationalen Diabetes F\u00f6deration&nbsp;(IDF), das Bewusstsein f\u00fcr die Pr\u00e4vention und das Management von Diabetes mit gezielten und engagierten Materialien zum Weltdiabetestag&nbsp;2016 zu st\u00e4rken. In diesem Jahr kann der ISA dabei auf die wertvolle wissenschaftliche Unterst\u00fctzung des europ\u00e4ischen Spezialisten [&hellip;]<\/p>\n","protected":false},"author":4,"featured_media":0,"comment_status":"open","ping_status":"closed","sticky":false,"template":"","format":"standard","meta":{"footnotes":""},"categories":[2],"tags":[30,101,97,6659,92],"_links":{"self":[{"href":"https:\/\/www.diabsite.de\/diabetes-weblog\/wp-json\/wp\/v2\/posts\/41176"}],"collection":[{"href":"https:\/\/www.diabsite.de\/diabetes-weblog\/wp-json\/wp\/v2\/posts"}],"about":[{"href":"https:\/\/www.diabsite.de\/diabetes-weblog\/wp-json\/wp\/v2\/types\/post"}],"author":[{"embeddable":true,"href":"https:\/\/www.diabsite.de\/diabetes-weblog\/wp-json\/wp\/v2\/users\/4"}],"replies":[{"embeddable":true,"href":"https:\/\/www.diabsite.de\/diabetes-weblog\/wp-json\/wp\/v2\/comments?post=41176"}],"version-history":[{"count":5,"href":"https:\/\/www.diabsite.de\/diabetes-weblog\/wp-json\/wp\/v2\/posts\/41176\/revisions"}],"predecessor-version":[{"id":41184,"href":"https:\/\/www.diabsite.de\/diabetes-weblog\/wp-json\/wp\/v2\/posts\/41176\/revisions\/41184"}],"wp:attachment":[{"href":"https:\/\/www.diabsite.de\/diabetes-weblog\/wp-json\/wp\/v2\/media?parent=41176"}],"wp:term":[{"taxonomy":"category","embeddable":true,"href":"https:\/\/www.diabsite.de\/diabetes-weblog\/wp-json\/wp\/v2\/categories?post=41176"},{"taxonomy":"post_tag","embeddable":true,"href":"https:\/\/www.diabsite.de\/diabetes-weblog\/wp-json\/wp\/v2\/tags?post=41176"}],"curies":[{"name":"wp","href":"https:\/\/api.w.org\/{rel}","templated":true}]}}