{"id":41032,"date":"2016-10-25T20:46:49","date_gmt":"2016-10-25T19:46:49","guid":{"rendered":"http:\/\/www.diabsite.de\/diabetes-weblog\/?p=41032"},"modified":"2016-11-09T19:17:21","modified_gmt":"2016-11-09T18:17:21","slug":"chronische-erkrankungen-und-schlaf","status":"publish","type":"post","link":"https:\/\/www.diabsite.de\/diabetes-weblog\/2016\/10\/25\/chronische-erkrankungen-und-schlaf\/","title":{"rendered":"Chronische Erkrankungen und Schlaf"},"content":{"rendered":"<p>Die Schlafqualit\u00e4t bei chronischen Erkrankungen ist auch ein Thema der haus\u00e4rztlichen Versorgung: Unter dem Leitmotiv &#8222;Schlafmedizin: grenz\u00fcberschreitend und innovativ&#8220; werden sich vom 1. bis 3.&nbsp;Dezember in Dresden etwa 2.000&nbsp;Experten anl\u00e4sslich der 24.&nbsp;Jahrestagung der Deutschen Gesellschaft f\u00fcr Schlafforschung und Schlafmedizin&nbsp;(DGSM) zu aktuellen Themen dieses medizinischen Fachgebietes austauschen. Auch der Einfluss von Krankheiten auf den Schlaf &#8211;&nbsp;und umgekehrt&nbsp;&#8211; ist in Dresden ein Diskussionspunkt. <a href=\"https:\/\/www.diabsite.de\/aktuelles\/nachrichten\/2016\/161025b.html\" target=\"_blank\" class=\"ds\" title=\"zur Nachricht (neues Fenster)\">Nachricht lesen<\/a><\/p>\n<p>Das k\u00f6nnte Sie auch interessieren:<\/p>\n<p>&#8211; <a href=\"https:\/\/www.diabetes-radio.de\/2010\/01\/14\/diabetes-und-schlafapnoe\/\" target=\"_blank\" class=\"radio\" title=\"neues Fenster\">Diabetes und Schlafapnoe<\/a> &#8211; Ein Interview mit Dr.&nbsp;med.&nbsp;Stefanie Sisi im DiabSite Diabetes-Radio.<\/p>\n","protected":false},"excerpt":{"rendered":"<p>Die Schlafqualit\u00e4t bei chronischen Erkrankungen ist auch ein Thema der haus\u00e4rztlichen Versorgung: Unter dem Leitmotiv &#8222;Schlafmedizin: grenz\u00fcberschreitend und innovativ&#8220; werden sich vom 1. bis 3.&nbsp;Dezember in Dresden etwa 2.000&nbsp;Experten anl\u00e4sslich der 24.&nbsp;Jahrestagung der Deutschen Gesellschaft f\u00fcr Schlafforschung und Schlafmedizin&nbsp;(DGSM) zu aktuellen Themen dieses medizinischen Fachgebietes austauschen. Auch der Einfluss von Krankheiten auf den Schlaf &#8211;&nbsp;und [&hellip;]<\/p>\n","protected":false},"author":4,"featured_media":0,"comment_status":"open","ping_status":"closed","sticky":false,"template":"","format":"standard","meta":{"footnotes":""},"categories":[2],"tags":[924,24,6615,6616,6614],"_links":{"self":[{"href":"https:\/\/www.diabsite.de\/diabetes-weblog\/wp-json\/wp\/v2\/posts\/41032"}],"collection":[{"href":"https:\/\/www.diabsite.de\/diabetes-weblog\/wp-json\/wp\/v2\/posts"}],"about":[{"href":"https:\/\/www.diabsite.de\/diabetes-weblog\/wp-json\/wp\/v2\/types\/post"}],"author":[{"embeddable":true,"href":"https:\/\/www.diabsite.de\/diabetes-weblog\/wp-json\/wp\/v2\/users\/4"}],"replies":[{"embeddable":true,"href":"https:\/\/www.diabsite.de\/diabetes-weblog\/wp-json\/wp\/v2\/comments?post=41032"}],"version-history":[{"count":6,"href":"https:\/\/www.diabsite.de\/diabetes-weblog\/wp-json\/wp\/v2\/posts\/41032\/revisions"}],"predecessor-version":[{"id":41037,"href":"https:\/\/www.diabsite.de\/diabetes-weblog\/wp-json\/wp\/v2\/posts\/41032\/revisions\/41037"}],"wp:attachment":[{"href":"https:\/\/www.diabsite.de\/diabetes-weblog\/wp-json\/wp\/v2\/media?parent=41032"}],"wp:term":[{"taxonomy":"category","embeddable":true,"href":"https:\/\/www.diabsite.de\/diabetes-weblog\/wp-json\/wp\/v2\/categories?post=41032"},{"taxonomy":"post_tag","embeddable":true,"href":"https:\/\/www.diabsite.de\/diabetes-weblog\/wp-json\/wp\/v2\/tags?post=41032"}],"curies":[{"name":"wp","href":"https:\/\/api.w.org\/{rel}","templated":true}]}}