{"id":40866,"date":"2016-10-21T16:45:56","date_gmt":"2016-10-21T14:45:56","guid":{"rendered":"http:\/\/www.diabsite.de\/diabetes-weblog\/?p=40866"},"modified":"2016-10-21T20:13:54","modified_gmt":"2016-10-21T18:13:54","slug":"6-diabetes-gala-steht-im-zeichen-der-aufklaerung","status":"publish","type":"post","link":"https:\/\/www.diabsite.de\/diabetes-weblog\/2016\/10\/21\/6-diabetes-gala-steht-im-zeichen-der-aufklaerung\/","title":{"rendered":"6. Diabetes Gala in Berlin steht im Zeichen der Aufkl\u00e4rung"},"content":{"rendered":"<p><a href=\"https:\/\/www.diabsite.de\/aktuelles\/nachrichten\/2016\/161021.html\" target=\"_blank\" class=\"ds\" title=\"zur Nachricht (neues Fenster)\"><img loading=\"lazy\" decoding=\"async\" class=\"alignright\" src=\"https:\/\/www.diabsite.de\/diabetes-weblog\/wp-content\/images\/2016\/161021.jpg\" width=\"150\" height=\"100\" alt=\"Diabetes-Charity-Gala 2016\" \/><\/a> Thomas&nbsp;Fuchsberger-Preis&nbsp;2016 geht an Prof.&nbsp;Dr.&nbsp;R\u00fcdiger&nbsp;Landgraf: Die unabh\u00e4ngige Gesamtorganisation diabetesDE&nbsp;&#8211; Deutsche Diabetes-Hilfe hat gestern in Berlin zum sechsten Mal zur Diabetes-Charity-Gala in das TIPI am Kanzleramt eingeladen und Diabetes und seine Folgeerkrankungen in den Fokus der \u00d6ffentlichkeit gestellt. Im Rahmen der Gala wurde wie in den vergangenen f\u00fcnf Jahren der &#8222;Thomas-Fuchsberger-Preis&#8220; an eine ehrenamtlich t\u00e4tige Person verliehen, die sich f\u00fcr die Aufkl\u00e4rung \u00fcber Diabetes engagiert. \u00dcberreicht wurde der Preis, wie auch im letzten Jahr, von Jennifer und Julien Fuchsberger, den Enkelkindern von &#8222;Blacky&#8220; Fuchsberger. Dar\u00fcber hinaus wurden Spenden f\u00fcr zwei diabetesDE-Spendenprojekte in H\u00f6he von knapp 90.000,00&nbsp;Euro zur besseren Versorgung von diabetesbetroffenen Erwachsenen und ihren Angeh\u00f6rigen gesammelt. Geladen waren G\u00e4ste aus Politik, Wirtschaft und Showbusiness. Durch den Abend f\u00fchrte die TV-Moderatorin Inka Bause. Die Auftaktrede hielt die stellvertretende Sprecherin der AG&nbsp;Gesundheit der SPD, Sabine Dittmar,&nbsp;MdB. <a href=\"https:\/\/www.diabsite.de\/aktuelles\/nachrichten\/2016\/161021.html\" target=\"_blank\" class=\"ds\" title=\"zur Nachricht (neues Fenster)\">Nachricht lesen<\/a><\/p>\n","protected":false},"excerpt":{"rendered":"<p>Thomas&nbsp;Fuchsberger-Preis&nbsp;2016 geht an Prof.&nbsp;Dr.&nbsp;R\u00fcdiger&nbsp;Landgraf: Die unabh\u00e4ngige Gesamtorganisation diabetesDE&nbsp;&#8211; Deutsche Diabetes-Hilfe hat gestern in Berlin zum sechsten Mal zur Diabetes-Charity-Gala in das TIPI am Kanzleramt eingeladen und Diabetes und seine Folgeerkrankungen in den Fokus der \u00d6ffentlichkeit gestellt. Im Rahmen der Gala wurde wie in den vergangenen f\u00fcnf Jahren der &#8222;Thomas-Fuchsberger-Preis&#8220; an eine ehrenamtlich t\u00e4tige Person verliehen, [&hellip;]<\/p>\n","protected":false},"author":4,"featured_media":0,"comment_status":"open","ping_status":"closed","sticky":false,"template":"","format":"standard","meta":{"footnotes":""},"categories":[2],"tags":[1167,682,806,6562,6563],"_links":{"self":[{"href":"https:\/\/www.diabsite.de\/diabetes-weblog\/wp-json\/wp\/v2\/posts\/40866"}],"collection":[{"href":"https:\/\/www.diabsite.de\/diabetes-weblog\/wp-json\/wp\/v2\/posts"}],"about":[{"href":"https:\/\/www.diabsite.de\/diabetes-weblog\/wp-json\/wp\/v2\/types\/post"}],"author":[{"embeddable":true,"href":"https:\/\/www.diabsite.de\/diabetes-weblog\/wp-json\/wp\/v2\/users\/4"}],"replies":[{"embeddable":true,"href":"https:\/\/www.diabsite.de\/diabetes-weblog\/wp-json\/wp\/v2\/comments?post=40866"}],"version-history":[{"count":6,"href":"https:\/\/www.diabsite.de\/diabetes-weblog\/wp-json\/wp\/v2\/posts\/40866\/revisions"}],"predecessor-version":[{"id":40875,"href":"https:\/\/www.diabsite.de\/diabetes-weblog\/wp-json\/wp\/v2\/posts\/40866\/revisions\/40875"}],"wp:attachment":[{"href":"https:\/\/www.diabsite.de\/diabetes-weblog\/wp-json\/wp\/v2\/media?parent=40866"}],"wp:term":[{"taxonomy":"category","embeddable":true,"href":"https:\/\/www.diabsite.de\/diabetes-weblog\/wp-json\/wp\/v2\/categories?post=40866"},{"taxonomy":"post_tag","embeddable":true,"href":"https:\/\/www.diabsite.de\/diabetes-weblog\/wp-json\/wp\/v2\/tags?post=40866"}],"curies":[{"name":"wp","href":"https:\/\/api.w.org\/{rel}","templated":true}]}}