{"id":40804,"date":"2016-10-13T17:53:03","date_gmt":"2016-10-13T15:53:03","guid":{"rendered":"http:\/\/www.diabsite.de\/diabetes-weblog\/?p=40804"},"modified":"2016-10-13T21:21:33","modified_gmt":"2016-10-13T19:21:33","slug":"erklaerung-des-gkv-schaetzerkreises","status":"publish","type":"post","link":"https:\/\/www.diabsite.de\/diabetes-weblog\/2016\/10\/13\/erklaerung-des-gkv-schaetzerkreises\/","title":{"rendered":"Erkl\u00e4rung des GKV-Sch\u00e4tzerkreises vom 13.&nbsp;Oktober&nbsp;2016"},"content":{"rendered":"<p>GKV-Sch\u00e4tzerkreis sch\u00e4tzt die finanziellen Rahmenbedingungen der GKV f\u00fcr die Jahre&nbsp;2016 und&nbsp;2017: Bei seiner heutigen Sitzung kam der GKV-Sch\u00e4tzerkreis &#8211;&nbsp;bestehend aus Experten des Bundesministeriums f\u00fcr Gesundheit, des Bundesversicherungsamtes und des GKV-Spitzenverbandes&nbsp;&#8211; zu einer einvernehmlichen Prognose der H\u00f6he der Einnahmen und Ausgaben sowie der Zahl der Versicherten und Mitglieder der Gesetzlichen Krankenversicherung f\u00fcr die Jahre&nbsp;2016 und&nbsp;2017. <a href=\"https:\/\/www.diabsite.de\/aktuelles\/nachrichten\/2016\/161013.html\" target=\"_blank\" class=\"ds\" title=\"zur Nachricht (neues Fenster)\">Nachricht lesen<\/a><\/p>\n","protected":false},"excerpt":{"rendered":"<p>GKV-Sch\u00e4tzerkreis sch\u00e4tzt die finanziellen Rahmenbedingungen der GKV f\u00fcr die Jahre&nbsp;2016 und&nbsp;2017: Bei seiner heutigen Sitzung kam der GKV-Sch\u00e4tzerkreis &#8211;&nbsp;bestehend aus Experten des Bundesministeriums f\u00fcr Gesundheit, des Bundesversicherungsamtes und des GKV-Spitzenverbandes&nbsp;&#8211; zu einer einvernehmlichen Prognose der H\u00f6he der Einnahmen und Ausgaben sowie der Zahl der Versicherten und Mitglieder der Gesetzlichen Krankenversicherung f\u00fcr die Jahre&nbsp;2016 und&nbsp;2017. Nachricht [&hellip;]<\/p>\n","protected":false},"author":4,"featured_media":0,"comment_status":"open","ping_status":"closed","sticky":false,"template":"","format":"standard","meta":{"footnotes":""},"categories":[2],"tags":[6540,517,6539,5770,1157],"_links":{"self":[{"href":"https:\/\/www.diabsite.de\/diabetes-weblog\/wp-json\/wp\/v2\/posts\/40804"}],"collection":[{"href":"https:\/\/www.diabsite.de\/diabetes-weblog\/wp-json\/wp\/v2\/posts"}],"about":[{"href":"https:\/\/www.diabsite.de\/diabetes-weblog\/wp-json\/wp\/v2\/types\/post"}],"author":[{"embeddable":true,"href":"https:\/\/www.diabsite.de\/diabetes-weblog\/wp-json\/wp\/v2\/users\/4"}],"replies":[{"embeddable":true,"href":"https:\/\/www.diabsite.de\/diabetes-weblog\/wp-json\/wp\/v2\/comments?post=40804"}],"version-history":[{"count":5,"href":"https:\/\/www.diabsite.de\/diabetes-weblog\/wp-json\/wp\/v2\/posts\/40804\/revisions"}],"predecessor-version":[{"id":40809,"href":"https:\/\/www.diabsite.de\/diabetes-weblog\/wp-json\/wp\/v2\/posts\/40804\/revisions\/40809"}],"wp:attachment":[{"href":"https:\/\/www.diabsite.de\/diabetes-weblog\/wp-json\/wp\/v2\/media?parent=40804"}],"wp:term":[{"taxonomy":"category","embeddable":true,"href":"https:\/\/www.diabsite.de\/diabetes-weblog\/wp-json\/wp\/v2\/categories?post=40804"},{"taxonomy":"post_tag","embeddable":true,"href":"https:\/\/www.diabsite.de\/diabetes-weblog\/wp-json\/wp\/v2\/tags?post=40804"}],"curies":[{"name":"wp","href":"https:\/\/api.w.org\/{rel}","templated":true}]}}