{"id":40782,"date":"2016-10-11T16:17:35","date_gmt":"2016-10-11T14:17:35","guid":{"rendered":"http:\/\/www.diabsite.de\/diabetes-weblog\/?p=40782"},"modified":"2016-10-11T20:22:53","modified_gmt":"2016-10-11T18:22:53","slug":"verlust-der-sehschaerfe-im-alter","status":"publish","type":"post","link":"https:\/\/www.diabsite.de\/diabetes-weblog\/2016\/10\/11\/verlust-der-sehschaerfe-im-alter\/","title":{"rendered":"Verlust der Sehsch\u00e4rfe im Alter"},"content":{"rendered":"<p>Wie gef\u00e4hrdet Diabetes die Augen? Gut sehen zu k\u00f6nnen, erleben wir als selbstverst\u00e4ndlich. Probleme fallen oft erst dann auf, wenn die Sehleistung nachl\u00e4sst&nbsp;&#8211; besonders mit zunehmendem Alter. Die Charit\u00e9&nbsp;&#8211; Universit\u00e4tsmedizin Berlin l\u00e4dt anl\u00e4sslich der Woche des Sehens interessierte Berlinerinnen und Berliner zu den Informationsveranstaltungen &#8222;Verlust der Sehsch\u00e4rfe im Alter&nbsp;&#8211; Die altersbedingte Makuladegeneration&#8220; und &#8222;Volkskrankheit Nr.&nbsp;1&nbsp;&#8211; Wie gef\u00e4hrdet Diabetes die Augen?&#8220;&nbsp;ein. <a href=\"https:\/\/www.diabsite.de\/aktuelles\/nachrichten\/2016\/161011.html\" target=\"_blank\" class=\"ds\" title=\"zur Nachricht (neues Fenster)\">Nachricht lesen<\/a><\/p>\n","protected":false},"excerpt":{"rendered":"<p>Wie gef\u00e4hrdet Diabetes die Augen? Gut sehen zu k\u00f6nnen, erleben wir als selbstverst\u00e4ndlich. Probleme fallen oft erst dann auf, wenn die Sehleistung nachl\u00e4sst&nbsp;&#8211; besonders mit zunehmendem Alter. Die Charit\u00e9&nbsp;&#8211; Universit\u00e4tsmedizin Berlin l\u00e4dt anl\u00e4sslich der Woche des Sehens interessierte Berlinerinnen und Berliner zu den Informationsveranstaltungen &#8222;Verlust der Sehsch\u00e4rfe im Alter&nbsp;&#8211; Die altersbedingte Makuladegeneration&#8220; und &#8222;Volkskrankheit Nr.&nbsp;1&nbsp;&#8211; [&hellip;]<\/p>\n","protected":false},"author":4,"featured_media":0,"comment_status":"open","ping_status":"closed","sticky":false,"template":"","format":"standard","meta":{"footnotes":""},"categories":[2],"tags":[6533,430,24,6534,6535],"_links":{"self":[{"href":"https:\/\/www.diabsite.de\/diabetes-weblog\/wp-json\/wp\/v2\/posts\/40782"}],"collection":[{"href":"https:\/\/www.diabsite.de\/diabetes-weblog\/wp-json\/wp\/v2\/posts"}],"about":[{"href":"https:\/\/www.diabsite.de\/diabetes-weblog\/wp-json\/wp\/v2\/types\/post"}],"author":[{"embeddable":true,"href":"https:\/\/www.diabsite.de\/diabetes-weblog\/wp-json\/wp\/v2\/users\/4"}],"replies":[{"embeddable":true,"href":"https:\/\/www.diabsite.de\/diabetes-weblog\/wp-json\/wp\/v2\/comments?post=40782"}],"version-history":[{"count":2,"href":"https:\/\/www.diabsite.de\/diabetes-weblog\/wp-json\/wp\/v2\/posts\/40782\/revisions"}],"predecessor-version":[{"id":40784,"href":"https:\/\/www.diabsite.de\/diabetes-weblog\/wp-json\/wp\/v2\/posts\/40782\/revisions\/40784"}],"wp:attachment":[{"href":"https:\/\/www.diabsite.de\/diabetes-weblog\/wp-json\/wp\/v2\/media?parent=40782"}],"wp:term":[{"taxonomy":"category","embeddable":true,"href":"https:\/\/www.diabsite.de\/diabetes-weblog\/wp-json\/wp\/v2\/categories?post=40782"},{"taxonomy":"post_tag","embeddable":true,"href":"https:\/\/www.diabsite.de\/diabetes-weblog\/wp-json\/wp\/v2\/tags?post=40782"}],"curies":[{"name":"wp","href":"https:\/\/api.w.org\/{rel}","templated":true}]}}