{"id":40685,"date":"2016-10-01T16:26:49","date_gmt":"2016-10-01T14:26:49","guid":{"rendered":"http:\/\/www.diabsite.de\/diabetes-weblog\/?p=40685"},"modified":"2016-10-02T20:39:59","modified_gmt":"2016-10-02T18:39:59","slug":"neues-im-diabetes-kalender-6","status":"publish","type":"post","link":"https:\/\/www.diabsite.de\/diabetes-weblog\/2016\/10\/01\/neues-im-diabetes-kalender-6\/","title":{"rendered":"Neues im Diabetes-Kalender"},"content":{"rendered":"<p>Sie m\u00f6chten wissen, wann und wo wichtige Veranstaltungen stattfinden? Diabetiker und Experten finden die Antwort im gro\u00dfen DiabSite Diabetes-Kalender. Er informiert \u00fcber Diabetikertage, Treffen von Selbsthilfegruppen, Kongresse und mehr, zum Beispiel:<\/p>\n<p>&#8211; 08.10.2016 &#8211; <strong>Wien, \u00d6sterreich<\/strong> &#8211; Leichte Wanderung f\u00fcr Diabetiker<br \/>\n&#8211; 02.11.2016 &#8211; <strong>Berlin-Mitte<\/strong> &#8211; Erfahrungsaustausch f\u00fcr Typ-1-Diabetiker<br \/>\n&#8211; 07.12.2016 &#8211; <strong>\u00d6hringen<\/strong> &#8211; Vitaminmangel bei Diabetes<\/p>\n<p>Fast 1.900 Termine haben wir in diesem Jahr schon im <a href=\"https:\/\/www.diabsite.de\/aktuelles\/termine\/index.html\" target=\"_blank\" class=\"ds\" title=\"neues Fenster\">DiabSite Diabetes-Kalender<\/a> ver\u00f6ffentlicht. Wer darin st\u00f6bert, findet gewiss auch eine Veranstaltungen in seiner N\u00e4he. Wir vom Diabetes-Portal DiabSite w\u00fcnschen Ihnen viel Spa\u00df beim Treffen mit anderen Diabetikern und ein sch\u00f6nes langes Wochenende!<\/p>\n","protected":false},"excerpt":{"rendered":"<p>Sie m\u00f6chten wissen, wann und wo wichtige Veranstaltungen stattfinden? Diabetiker und Experten finden die Antwort im gro\u00dfen DiabSite Diabetes-Kalender. Er informiert \u00fcber Diabetikertage, Treffen von Selbsthilfegruppen, Kongresse und mehr, zum Beispiel: &#8211; 08.10.2016 &#8211; Wien, \u00d6sterreich &#8211; Leichte Wanderung f\u00fcr Diabetiker &#8211; 02.11.2016 &#8211; Berlin-Mitte &#8211; Erfahrungsaustausch f\u00fcr Typ-1-Diabetiker &#8211; 07.12.2016 &#8211; \u00d6hringen &#8211; Vitaminmangel [&hellip;]<\/p>\n","protected":false},"author":4,"featured_media":0,"comment_status":"open","ping_status":"closed","sticky":false,"template":"","format":"standard","meta":{"footnotes":""},"categories":[1],"tags":[],"_links":{"self":[{"href":"https:\/\/www.diabsite.de\/diabetes-weblog\/wp-json\/wp\/v2\/posts\/40685"}],"collection":[{"href":"https:\/\/www.diabsite.de\/diabetes-weblog\/wp-json\/wp\/v2\/posts"}],"about":[{"href":"https:\/\/www.diabsite.de\/diabetes-weblog\/wp-json\/wp\/v2\/types\/post"}],"author":[{"embeddable":true,"href":"https:\/\/www.diabsite.de\/diabetes-weblog\/wp-json\/wp\/v2\/users\/4"}],"replies":[{"embeddable":true,"href":"https:\/\/www.diabsite.de\/diabetes-weblog\/wp-json\/wp\/v2\/comments?post=40685"}],"version-history":[{"count":5,"href":"https:\/\/www.diabsite.de\/diabetes-weblog\/wp-json\/wp\/v2\/posts\/40685\/revisions"}],"predecessor-version":[{"id":40690,"href":"https:\/\/www.diabsite.de\/diabetes-weblog\/wp-json\/wp\/v2\/posts\/40685\/revisions\/40690"}],"wp:attachment":[{"href":"https:\/\/www.diabsite.de\/diabetes-weblog\/wp-json\/wp\/v2\/media?parent=40685"}],"wp:term":[{"taxonomy":"category","embeddable":true,"href":"https:\/\/www.diabsite.de\/diabetes-weblog\/wp-json\/wp\/v2\/categories?post=40685"},{"taxonomy":"post_tag","embeddable":true,"href":"https:\/\/www.diabsite.de\/diabetes-weblog\/wp-json\/wp\/v2\/tags?post=40685"}],"curies":[{"name":"wp","href":"https:\/\/api.w.org\/{rel}","templated":true}]}}