{"id":40019,"date":"2016-08-24T15:42:26","date_gmt":"2016-08-24T13:42:26","guid":{"rendered":"http:\/\/www.diabsite.de\/diabetes-weblog\/?p=40019"},"modified":"2016-08-25T18:49:34","modified_gmt":"2016-08-25T16:49:34","slug":"radprofis-mit-diabetes-stehen-rede-und-antwort","status":"publish","type":"post","link":"https:\/\/www.diabsite.de\/diabetes-weblog\/2016\/08\/24\/radprofis-mit-diabetes-stehen-rede-und-antwort\/","title":{"rendered":"Radprofis mit Diabetes stehen Rede und Antwort"},"content":{"rendered":"<p><a href=\"https:\/\/www.diabsite.de\/aktuelles\/nachrichten\/2016\/160824.html\" target=\"_blank\" class=\"ds\" title=\"zur Nachricht (neues Fenster)\"><img loading=\"lazy\" decoding=\"async\" class=\"alignright\" src=\"https:\/\/www.diabsite.de\/diabetes-weblog\/wp-content\/images\/2016\/160824.jpg\" width=\"150\" height=\"229\" alt=\"Scott Ambrose Team Novo Nordisk\" \/><\/a> Mit der Diagnose Diabetes muss kein Lebenstraum enden&nbsp;&#8211; das zeigen die beeindruckenden Biographien der Radprofis aus dem Team Novo Nordisk. Vertreter des internationalen Sportteams stehen in diesem Herbst Rede und Antwort rund um Diabetes und Sport: beim Gro\u00dfen Preis des Diabeteszentrums Bad&nbsp;Lauterberg am 27.&nbsp;August und am 14.&nbsp;September beim Diabetes-Markt in M\u00fcnchen. Das Team Novo&nbsp;Nordisk besteht ausschlie\u00dflich aus Athleten mit Diabetes. Es wird von Novo&nbsp;Nordisk im Rahmen der Initiative Changing Diabetes&reg;&nbsp;&#8211; Diabetes ver\u00e4ndern unterst\u00fctzt. <a href=\"https:\/\/www.diabsite.de\/aktuelles\/nachrichten\/2016\/160824.html\" target=\"_blank\" class=\"ds\" title=\"zur Nachricht (neues Fenster)\">Nachricht lesen<\/a><\/p>\n","protected":false},"excerpt":{"rendered":"<p>Mit der Diagnose Diabetes muss kein Lebenstraum enden&nbsp;&#8211; das zeigen die beeindruckenden Biographien der Radprofis aus dem Team Novo Nordisk. Vertreter des internationalen Sportteams stehen in diesem Herbst Rede und Antwort rund um Diabetes und Sport: beim Gro\u00dfen Preis des Diabeteszentrums Bad&nbsp;Lauterberg am 27.&nbsp;August und am 14.&nbsp;September beim Diabetes-Markt in M\u00fcnchen. Das Team Novo&nbsp;Nordisk besteht [&hellip;]<\/p>\n","protected":false},"author":4,"featured_media":0,"comment_status":"open","ping_status":"closed","sticky":false,"template":"","format":"standard","meta":{"footnotes":""},"categories":[2],"tags":[6397,24,6396,6398,6395],"_links":{"self":[{"href":"https:\/\/www.diabsite.de\/diabetes-weblog\/wp-json\/wp\/v2\/posts\/40019"}],"collection":[{"href":"https:\/\/www.diabsite.de\/diabetes-weblog\/wp-json\/wp\/v2\/posts"}],"about":[{"href":"https:\/\/www.diabsite.de\/diabetes-weblog\/wp-json\/wp\/v2\/types\/post"}],"author":[{"embeddable":true,"href":"https:\/\/www.diabsite.de\/diabetes-weblog\/wp-json\/wp\/v2\/users\/4"}],"replies":[{"embeddable":true,"href":"https:\/\/www.diabsite.de\/diabetes-weblog\/wp-json\/wp\/v2\/comments?post=40019"}],"version-history":[{"count":3,"href":"https:\/\/www.diabsite.de\/diabetes-weblog\/wp-json\/wp\/v2\/posts\/40019\/revisions"}],"predecessor-version":[{"id":40022,"href":"https:\/\/www.diabsite.de\/diabetes-weblog\/wp-json\/wp\/v2\/posts\/40019\/revisions\/40022"}],"wp:attachment":[{"href":"https:\/\/www.diabsite.de\/diabetes-weblog\/wp-json\/wp\/v2\/media?parent=40019"}],"wp:term":[{"taxonomy":"category","embeddable":true,"href":"https:\/\/www.diabsite.de\/diabetes-weblog\/wp-json\/wp\/v2\/categories?post=40019"},{"taxonomy":"post_tag","embeddable":true,"href":"https:\/\/www.diabsite.de\/diabetes-weblog\/wp-json\/wp\/v2\/tags?post=40019"}],"curies":[{"name":"wp","href":"https:\/\/api.w.org\/{rel}","templated":true}]}}