{"id":39775,"date":"2016-08-01T16:40:45","date_gmt":"2016-08-01T14:40:45","guid":{"rendered":"http:\/\/www.diabsite.de\/diabetes-weblog\/?p=39775"},"modified":"2016-08-02T21:47:22","modified_gmt":"2016-08-02T19:47:22","slug":"bundesforschungsministerin-besucht-deutsches-institut-fuer-ernaehrungsforschung","status":"publish","type":"post","link":"https:\/\/www.diabsite.de\/diabetes-weblog\/2016\/08\/01\/bundesforschungsministerin-besucht-deutsches-institut-fuer-ernaehrungsforschung\/","title":{"rendered":"Bundesforschungsministerin besucht Deutsches Institut f\u00fcr Ern\u00e4hrungsforschung"},"content":{"rendered":"<p>Die richtige Ern\u00e4hrung kann Volksleiden wie Typ-2-Diabetes vorbeugen: Die Bundesministerin f\u00fcr Bildung und Forschung, Prof.&nbsp;Dr.&nbsp;Johanna Wanka, besuchte am 01.&nbsp;August&nbsp;2016 im Rahmen ihrer <a href=\"https:\/\/www.bmbf.de\/de\/Wanka-ueber-Zukunft-des-Alters-Sommerreise-2016.html\" target=\"_blank\" class=\"extern\" title=\"neues Fenster\">Sommerreise<\/a> zusammen mit Staatssekret\u00e4r Hendrik Fischer vom Brandenburgischen Ministerium f\u00fcr Wirtschaft und Energie das Deutsche Institut f\u00fcr Ern\u00e4hrungsforschung Potsdam-Rehbr\u00fccke&nbsp;(DIfE). Die Reise der Ministerin steht unter dem Motto: &#8222;Die Zukunft des Lebens im Alter&#8220;. Ein wichtiges Thema, das auch einen hohen Stellwert in der DIfE-Forschung einnimmt. <a href=\"https:\/\/www.diabsite.de\/aktuelles\/nachrichten\/2016\/160801.html\" target=\"_blank\" class=\"ds\" title=\"zur Nachricht (neues Fenster)\">Nachricht lesen<\/a><\/p>\n","protected":false},"excerpt":{"rendered":"<p>Die richtige Ern\u00e4hrung kann Volksleiden wie Typ-2-Diabetes vorbeugen: Die Bundesministerin f\u00fcr Bildung und Forschung, Prof.&nbsp;Dr.&nbsp;Johanna Wanka, besuchte am 01.&nbsp;August&nbsp;2016 im Rahmen ihrer Sommerreise zusammen mit Staatssekret\u00e4r Hendrik Fischer vom Brandenburgischen Ministerium f\u00fcr Wirtschaft und Energie das Deutsche Institut f\u00fcr Ern\u00e4hrungsforschung Potsdam-Rehbr\u00fccke&nbsp;(DIfE). Die Reise der Ministerin steht unter dem Motto: &#8222;Die Zukunft des Lebens im Alter&#8220;. [&hellip;]<\/p>\n","protected":false},"author":4,"featured_media":0,"comment_status":"open","ping_status":"closed","sticky":false,"template":"","format":"standard","meta":{"footnotes":""},"categories":[2],"tags":[102,6342,6343,5299,459,92],"_links":{"self":[{"href":"https:\/\/www.diabsite.de\/diabetes-weblog\/wp-json\/wp\/v2\/posts\/39775"}],"collection":[{"href":"https:\/\/www.diabsite.de\/diabetes-weblog\/wp-json\/wp\/v2\/posts"}],"about":[{"href":"https:\/\/www.diabsite.de\/diabetes-weblog\/wp-json\/wp\/v2\/types\/post"}],"author":[{"embeddable":true,"href":"https:\/\/www.diabsite.de\/diabetes-weblog\/wp-json\/wp\/v2\/users\/4"}],"replies":[{"embeddable":true,"href":"https:\/\/www.diabsite.de\/diabetes-weblog\/wp-json\/wp\/v2\/comments?post=39775"}],"version-history":[{"count":2,"href":"https:\/\/www.diabsite.de\/diabetes-weblog\/wp-json\/wp\/v2\/posts\/39775\/revisions"}],"predecessor-version":[{"id":39777,"href":"https:\/\/www.diabsite.de\/diabetes-weblog\/wp-json\/wp\/v2\/posts\/39775\/revisions\/39777"}],"wp:attachment":[{"href":"https:\/\/www.diabsite.de\/diabetes-weblog\/wp-json\/wp\/v2\/media?parent=39775"}],"wp:term":[{"taxonomy":"category","embeddable":true,"href":"https:\/\/www.diabsite.de\/diabetes-weblog\/wp-json\/wp\/v2\/categories?post=39775"},{"taxonomy":"post_tag","embeddable":true,"href":"https:\/\/www.diabsite.de\/diabetes-weblog\/wp-json\/wp\/v2\/tags?post=39775"}],"curies":[{"name":"wp","href":"https:\/\/api.w.org\/{rel}","templated":true}]}}