{"id":38530,"date":"2016-04-19T16:51:27","date_gmt":"2016-04-19T14:51:27","guid":{"rendered":"http:\/\/www.diabsite.de\/diabetes-weblog\/?p=38530"},"modified":"2016-04-19T18:32:36","modified_gmt":"2016-04-19T16:32:36","slug":"dieter-moehler-als-ddb-bundesvorsitzender-zurueckgetreten","status":"publish","type":"post","link":"https:\/\/www.diabsite.de\/diabetes-weblog\/2016\/04\/19\/dieter-moehler-als-ddb-bundesvorsitzender-zurueckgetreten\/","title":{"rendered":"Dieter M\u00f6hler als DDB-Bundesvorsitzender zur\u00fcckgetreten"},"content":{"rendered":"<p><img loading=\"lazy\" decoding=\"async\" class=\"alignright\" src=\"https:\/\/www.diabsite.de\/diabetes-weblog\/wp-content\/images\/2016\/dieter-moehler.jpg\" width=\"120\" height=\"151\" alt=\"Dieter M\u00f6hler\" \/> Wie die stellvertretende Vorsitzende des Deutschen Diabetiker Bundes&nbsp;(DDB), Corinna Hahn, heute gegen\u00fcber dem unabh\u00e4ngigen Diabetes-Portal DiabSite erkl\u00e4rte, trat der DDB-Bundesvorsitzende, Dieter M\u00f6hler, bereits am 20.&nbsp;M\u00e4rz 2016 im Rahmen einer Bundesdelegiertenversammlung aus pers\u00f6nlichen Gr\u00fcnden zur\u00fcck. Sieben Jahre hatte er die Geschicke der Selbsthilfe-Organisation f\u00fcr Menschen mit Diabetes gelenkt. Engagiert und k\u00e4mpferisch setzte M\u00f6hler sich vor allem gegen\u00fcber Gesundheitspolitik und Krankenkassen f\u00fcr die Rechte der Diabetiker und ihre optimale Versorgung ein. &#8222;Schon Ende Mai&#8220;, so Hahn, &#8222;wird sich der Erweiterte Bundesvorstand des DDB erneut in Berlin zu Vorstandswahlen treffen. Der DDB dankt Dieter M\u00f6hler sehr f\u00fcr seinen unerm\u00fcdlichen Einsatz und w\u00fcnscht ihm f\u00fcr die Zukunft alles Gute!&#8220;<\/p>\n","protected":false},"excerpt":{"rendered":"<p>Wie die stellvertretende Vorsitzende des Deutschen Diabetiker Bundes&nbsp;(DDB), Corinna Hahn, heute gegen\u00fcber dem unabh\u00e4ngigen Diabetes-Portal DiabSite erkl\u00e4rte, trat der DDB-Bundesvorsitzende, Dieter M\u00f6hler, bereits am 20.&nbsp;M\u00e4rz 2016 im Rahmen einer Bundesdelegiertenversammlung aus pers\u00f6nlichen Gr\u00fcnden zur\u00fcck. Sieben Jahre hatte er die Geschicke der Selbsthilfe-Organisation f\u00fcr Menschen mit Diabetes gelenkt. Engagiert und k\u00e4mpferisch setzte M\u00f6hler sich vor allem [&hellip;]<\/p>\n","protected":false},"author":4,"featured_media":0,"comment_status":"open","ping_status":"closed","sticky":false,"template":"","format":"standard","meta":{"footnotes":""},"categories":[1],"tags":[591,24,1791,2139,1046,6005],"_links":{"self":[{"href":"https:\/\/www.diabsite.de\/diabetes-weblog\/wp-json\/wp\/v2\/posts\/38530"}],"collection":[{"href":"https:\/\/www.diabsite.de\/diabetes-weblog\/wp-json\/wp\/v2\/posts"}],"about":[{"href":"https:\/\/www.diabsite.de\/diabetes-weblog\/wp-json\/wp\/v2\/types\/post"}],"author":[{"embeddable":true,"href":"https:\/\/www.diabsite.de\/diabetes-weblog\/wp-json\/wp\/v2\/users\/4"}],"replies":[{"embeddable":true,"href":"https:\/\/www.diabsite.de\/diabetes-weblog\/wp-json\/wp\/v2\/comments?post=38530"}],"version-history":[{"count":4,"href":"https:\/\/www.diabsite.de\/diabetes-weblog\/wp-json\/wp\/v2\/posts\/38530\/revisions"}],"predecessor-version":[{"id":38535,"href":"https:\/\/www.diabsite.de\/diabetes-weblog\/wp-json\/wp\/v2\/posts\/38530\/revisions\/38535"}],"wp:attachment":[{"href":"https:\/\/www.diabsite.de\/diabetes-weblog\/wp-json\/wp\/v2\/media?parent=38530"}],"wp:term":[{"taxonomy":"category","embeddable":true,"href":"https:\/\/www.diabsite.de\/diabetes-weblog\/wp-json\/wp\/v2\/categories?post=38530"},{"taxonomy":"post_tag","embeddable":true,"href":"https:\/\/www.diabsite.de\/diabetes-weblog\/wp-json\/wp\/v2\/tags?post=38530"}],"curies":[{"name":"wp","href":"https:\/\/api.w.org\/{rel}","templated":true}]}}