{"id":38466,"date":"2016-04-13T16:49:44","date_gmt":"2016-04-13T14:49:44","guid":{"rendered":"http:\/\/www.diabsite.de\/diabetes-weblog\/?p=38466"},"modified":"2016-04-15T20:54:38","modified_gmt":"2016-04-15T18:54:38","slug":"wissen-was-bei-diabetes-zaehlt-gesuender-unter7-3","status":"publish","type":"post","link":"https:\/\/www.diabsite.de\/diabetes-weblog\/2016\/04\/13\/wissen-was-bei-diabetes-zaehlt-gesuender-unter7-3\/","title":{"rendered":"&#8222;Wissen was bei Diabetes z\u00e4hlt: Ges\u00fcnder unter&nbsp;7&#8220;"},"content":{"rendered":"<p><a href=\"https:\/\/www.diabsite.de\/aktuelles\/nachrichten\/2016\/160413b.html\" target=\"_blank\" class=\"ds\" title=\"zur Nachricht (neues Fenster)\"><img loading=\"lazy\" decoding=\"async\" class=\"alignright\" src=\"https:\/\/www.diabsite.de\/diabetes-weblog\/wp-content\/images\/2016\/160413b.jpg\" width=\"120\" height=\"163\" alt=\"Beate-Schlupp\" \/><\/a> Anpfiff zur Aufkl\u00e4rung am Weltgesundheitstag&nbsp;2016: Der diesj\u00e4hrige Weltgesundheitstag &#8211;&nbsp;7.&nbsp;April&nbsp;2016&nbsp;&#8211; stellte erstmals die Pr\u00e4vention und Behandlung von Typ-2-Diabetes in den Mittelpunkt. An diesem Tag startete die bundesweite Diabetesaktion &#8222;Wissen was bei Diabetes z\u00e4hlt: Ges\u00fcnder unter&nbsp;7&#8220; in Schwerin. Seit \u00fcber zehn Jahren informiert Sanofi gemeinsam mit mehr als 20&nbsp;Partnern \u00fcber Pr\u00e4vention, Fr\u00fcherkennung und eine bestm\u00f6gliche Versorgung von Menschen mit Diabetes. &#8222;Ein nachhaltiges Engagement ist erforderlich, um die dramatischen Erkrankungszahlen zu reduzieren und die Situation von Menschen mit Diabetes zu verbessern&#8220;, betonte Beate Schlupp, Vizepr\u00e4sidentin des Landtages Mecklenburg-Vorpommern. <a href=\"https:\/\/www.diabsite.de\/aktuelles\/nachrichten\/2016\/160413b.html\" target=\"_blank\" class=\"ds\" title=\"zur Nachricht (neues Fenster)\">Nachricht lesen<\/a><\/p>\n","protected":false},"excerpt":{"rendered":"<p>Anpfiff zur Aufkl\u00e4rung am Weltgesundheitstag&nbsp;2016: Der diesj\u00e4hrige Weltgesundheitstag &#8211;&nbsp;7.&nbsp;April&nbsp;2016&nbsp;&#8211; stellte erstmals die Pr\u00e4vention und Behandlung von Typ-2-Diabetes in den Mittelpunkt. An diesem Tag startete die bundesweite Diabetesaktion &#8222;Wissen was bei Diabetes z\u00e4hlt: Ges\u00fcnder unter&nbsp;7&#8220; in Schwerin. Seit \u00fcber zehn Jahren informiert Sanofi gemeinsam mit mehr als 20&nbsp;Partnern \u00fcber Pr\u00e4vention, Fr\u00fcherkennung und eine bestm\u00f6gliche Versorgung von [&hellip;]<\/p>\n","protected":false},"author":4,"featured_media":0,"comment_status":"open","ping_status":"closed","sticky":false,"template":"","format":"standard","meta":{"footnotes":""},"categories":[2],"tags":[164,1971,97,92],"_links":{"self":[{"href":"https:\/\/www.diabsite.de\/diabetes-weblog\/wp-json\/wp\/v2\/posts\/38466"}],"collection":[{"href":"https:\/\/www.diabsite.de\/diabetes-weblog\/wp-json\/wp\/v2\/posts"}],"about":[{"href":"https:\/\/www.diabsite.de\/diabetes-weblog\/wp-json\/wp\/v2\/types\/post"}],"author":[{"embeddable":true,"href":"https:\/\/www.diabsite.de\/diabetes-weblog\/wp-json\/wp\/v2\/users\/4"}],"replies":[{"embeddable":true,"href":"https:\/\/www.diabsite.de\/diabetes-weblog\/wp-json\/wp\/v2\/comments?post=38466"}],"version-history":[{"count":3,"href":"https:\/\/www.diabsite.de\/diabetes-weblog\/wp-json\/wp\/v2\/posts\/38466\/revisions"}],"predecessor-version":[{"id":38469,"href":"https:\/\/www.diabsite.de\/diabetes-weblog\/wp-json\/wp\/v2\/posts\/38466\/revisions\/38469"}],"wp:attachment":[{"href":"https:\/\/www.diabsite.de\/diabetes-weblog\/wp-json\/wp\/v2\/media?parent=38466"}],"wp:term":[{"taxonomy":"category","embeddable":true,"href":"https:\/\/www.diabsite.de\/diabetes-weblog\/wp-json\/wp\/v2\/categories?post=38466"},{"taxonomy":"post_tag","embeddable":true,"href":"https:\/\/www.diabsite.de\/diabetes-weblog\/wp-json\/wp\/v2\/tags?post=38466"}],"curies":[{"name":"wp","href":"https:\/\/api.w.org\/{rel}","templated":true}]}}