{"id":38387,"date":"2016-04-06T15:24:11","date_gmt":"2016-04-06T13:24:11","guid":{"rendered":"http:\/\/www.diabsite.de\/diabetes-weblog\/?p=38387"},"modified":"2016-04-06T23:26:21","modified_gmt":"2016-04-06T21:26:21","slug":"die-vielen-gesichter-des-diabetes","status":"publish","type":"post","link":"https:\/\/www.diabsite.de\/diabetes-weblog\/2016\/04\/06\/die-vielen-gesichter-des-diabetes\/","title":{"rendered":"Die vielen Gesichter des Diabetes"},"content":{"rendered":"<p><a href=\"https:\/\/www.diabsite.de\/aktuelles\/nachrichten\/2016\/160406.html\" target=\"_blank\" class=\"ds\" title=\"zur Nachricht (neues Fenster)\"><img loading=\"lazy\" decoding=\"async\" class=\"alignright\" src=\"https:\/\/www.diabsite.de\/diabetes-weblog\/wp-content\/images\/2016\/160406.jpg\" width=\"150\" height=\"133\" alt=\"Typ-2-Diabetiker Hans Kudis\" \/><\/a> Drei Menschen mit Diabetes berichten aus ihrem aktiven Leben mit Stoffwechselst\u00f6rung: &#8222;Diabetes besiegen&#8220;&nbsp;&#8211; unter diesem Motto steht der diesj\u00e4hrige Weltgesundheitstag, an dem die Weltgesundheitsorganisation&nbsp;(WHO) auf die steigende Zahl an Diabetes mellitus Erkrankten aufmerksam macht. Allein in Deutschland leben rund 7,6&nbsp;Millionen Menschen mit der Stoffwechselst\u00f6rung. &#8222;Trotz der gro\u00dfen Verbreitung halten sich Vorurteile wie &#8218;Hast du zu viele S\u00fc\u00dfigkeiten gegessen?&#8216; hartn\u00e4ckig, wie uns immer wieder berichtet wird&#8220;, erkl\u00e4rt Sarah Millington, Gesch\u00e4ftsf\u00fchrerin Ascensia Diabetes Care Deutschland. &#8222;Dabei kann Diabetes je nach Typ ganz unterschiedliche Ursachen haben&nbsp;&#8211; wie eine genetische Veranlagung, Umweltfaktoren oder Bewegungsmange.&#8220; Von den h\u00e4ufig wiederkehrenden Fragen k\u00f6nnen auch Hans Kudis, Anna Saxinger und Nina Sagehorn viel erz\u00e4hlen. Dass Diabetes nicht gleich Diabetes ist und trotz der Erkrankung ein aktives Leben m\u00f6glich ist, beweisen sie mit ihren ganz unterschiedlichen Lebensgeschichten. <a href=\"https:\/\/www.diabsite.de\/aktuelles\/nachrichten\/2016\/160406.html\" target=\"_blank\" class=\"ds\" title=\"zur Nachricht (neues Fenster)\">Nachricht lesen<\/a><\/p>\n","protected":false},"excerpt":{"rendered":"<p>Drei Menschen mit Diabetes berichten aus ihrem aktiven Leben mit Stoffwechselst\u00f6rung: &#8222;Diabetes besiegen&#8220;&nbsp;&#8211; unter diesem Motto steht der diesj\u00e4hrige Weltgesundheitstag, an dem die Weltgesundheitsorganisation&nbsp;(WHO) auf die steigende Zahl an Diabetes mellitus Erkrankten aufmerksam macht. Allein in Deutschland leben rund 7,6&nbsp;Millionen Menschen mit der Stoffwechselst\u00f6rung. &#8222;Trotz der gro\u00dfen Verbreitung halten sich Vorurteile wie &#8218;Hast du zu [&hellip;]<\/p>\n","protected":false},"author":4,"featured_media":0,"comment_status":"open","ping_status":"closed","sticky":false,"template":"","format":"standard","meta":{"footnotes":""},"categories":[2],"tags":[5957,24,2400,5956,1839],"_links":{"self":[{"href":"https:\/\/www.diabsite.de\/diabetes-weblog\/wp-json\/wp\/v2\/posts\/38387"}],"collection":[{"href":"https:\/\/www.diabsite.de\/diabetes-weblog\/wp-json\/wp\/v2\/posts"}],"about":[{"href":"https:\/\/www.diabsite.de\/diabetes-weblog\/wp-json\/wp\/v2\/types\/post"}],"author":[{"embeddable":true,"href":"https:\/\/www.diabsite.de\/diabetes-weblog\/wp-json\/wp\/v2\/users\/4"}],"replies":[{"embeddable":true,"href":"https:\/\/www.diabsite.de\/diabetes-weblog\/wp-json\/wp\/v2\/comments?post=38387"}],"version-history":[{"count":5,"href":"https:\/\/www.diabsite.de\/diabetes-weblog\/wp-json\/wp\/v2\/posts\/38387\/revisions"}],"predecessor-version":[{"id":38399,"href":"https:\/\/www.diabsite.de\/diabetes-weblog\/wp-json\/wp\/v2\/posts\/38387\/revisions\/38399"}],"wp:attachment":[{"href":"https:\/\/www.diabsite.de\/diabetes-weblog\/wp-json\/wp\/v2\/media?parent=38387"}],"wp:term":[{"taxonomy":"category","embeddable":true,"href":"https:\/\/www.diabsite.de\/diabetes-weblog\/wp-json\/wp\/v2\/categories?post=38387"},{"taxonomy":"post_tag","embeddable":true,"href":"https:\/\/www.diabsite.de\/diabetes-weblog\/wp-json\/wp\/v2\/tags?post=38387"}],"curies":[{"name":"wp","href":"https:\/\/api.w.org\/{rel}","templated":true}]}}