{"id":38074,"date":"2016-03-09T16:42:29","date_gmt":"2016-03-09T15:42:29","guid":{"rendered":"http:\/\/www.diabsite.de\/diabetes-weblog\/?p=38074"},"modified":"2016-03-10T17:35:56","modified_gmt":"2016-03-10T16:35:56","slug":"lebensmittel-ampel","status":"publish","type":"post","link":"https:\/\/www.diabsite.de\/diabetes-weblog\/2016\/03\/09\/lebensmittel-ampel\/","title":{"rendered":"Lebensmittel-Ampel?"},"content":{"rendered":"<p>Koalition streitet \u00fcber den richtigen Weg im Kampf gegen Diabetes: Unter f\u00fchrenden Gesundheitspolitikern der Gro\u00dfen Koalition ist auf dem parlamentarischen Jahresempfang der Deutschen Diabetes Gesellschaft&nbsp;(DDG) eine Kontroverse \u00fcber geeignete Ma\u00dfnahmen zur Verhinderung und Bek\u00e4mpfung von \u00dcbergewicht und Diabetes entbrannt. W\u00e4hrend sich der SPD-Politiker und Vorsitzende des Gesundheitsausschusses im Bundestag, Dr.&nbsp;jur.&nbsp;Edgar Franke, f\u00fcr eine Ampel-Kennzeichnung und differenzierte Mehrwertsteuers\u00e4tze f\u00fcr Lebensmittel aussprach, setzt CDU-Ausschussmitglied Michael Hennrich auf allgemeine Aufkl\u00e4rungsma\u00dfnahmen. &#8222;Steuern und Ampelkennzeichnung sollten am Ende stehen&#8220;, so Hennrich. Die DDG forderte vor allem eine bessere sektoren\u00fcbergreifende Verzahnung der Diabetesversorgung zwischen Haus\u00e4rzten, Fach\u00e4rzten, Kliniken, Reha und&nbsp;Pflege. <a href=\"https:\/\/www.diabsite.de\/aktuelles\/nachrichten\/2016\/160309.html\" target=\"_blank\" class=\"ds\" title=\"zur Nachricht (neues Fenster)\">Nachricht lesen<\/a><\/p>\n","protected":false},"excerpt":{"rendered":"<p>Koalition streitet \u00fcber den richtigen Weg im Kampf gegen Diabetes: Unter f\u00fchrenden Gesundheitspolitikern der Gro\u00dfen Koalition ist auf dem parlamentarischen Jahresempfang der Deutschen Diabetes Gesellschaft&nbsp;(DDG) eine Kontroverse \u00fcber geeignete Ma\u00dfnahmen zur Verhinderung und Bek\u00e4mpfung von \u00dcbergewicht und Diabetes entbrannt. W\u00e4hrend sich der SPD-Politiker und Vorsitzende des Gesundheitsausschusses im Bundestag, Dr.&nbsp;jur.&nbsp;Edgar Franke, f\u00fcr eine Ampel-Kennzeichnung und [&hellip;]<\/p>\n","protected":false},"author":4,"featured_media":0,"comment_status":"open","ping_status":"closed","sticky":false,"template":"","format":"standard","meta":{"footnotes":""},"categories":[2],"tags":[36,24,5862,5861,5860,5863],"_links":{"self":[{"href":"https:\/\/www.diabsite.de\/diabetes-weblog\/wp-json\/wp\/v2\/posts\/38074"}],"collection":[{"href":"https:\/\/www.diabsite.de\/diabetes-weblog\/wp-json\/wp\/v2\/posts"}],"about":[{"href":"https:\/\/www.diabsite.de\/diabetes-weblog\/wp-json\/wp\/v2\/types\/post"}],"author":[{"embeddable":true,"href":"https:\/\/www.diabsite.de\/diabetes-weblog\/wp-json\/wp\/v2\/users\/4"}],"replies":[{"embeddable":true,"href":"https:\/\/www.diabsite.de\/diabetes-weblog\/wp-json\/wp\/v2\/comments?post=38074"}],"version-history":[{"count":6,"href":"https:\/\/www.diabsite.de\/diabetes-weblog\/wp-json\/wp\/v2\/posts\/38074\/revisions"}],"predecessor-version":[{"id":38082,"href":"https:\/\/www.diabsite.de\/diabetes-weblog\/wp-json\/wp\/v2\/posts\/38074\/revisions\/38082"}],"wp:attachment":[{"href":"https:\/\/www.diabsite.de\/diabetes-weblog\/wp-json\/wp\/v2\/media?parent=38074"}],"wp:term":[{"taxonomy":"category","embeddable":true,"href":"https:\/\/www.diabsite.de\/diabetes-weblog\/wp-json\/wp\/v2\/categories?post=38074"},{"taxonomy":"post_tag","embeddable":true,"href":"https:\/\/www.diabsite.de\/diabetes-weblog\/wp-json\/wp\/v2\/tags?post=38074"}],"curies":[{"name":"wp","href":"https:\/\/api.w.org\/{rel}","templated":true}]}}