{"id":38038,"date":"2016-03-05T16:56:19","date_gmt":"2016-03-05T15:56:19","guid":{"rendered":"http:\/\/www.diabsite.de\/diabetes-weblog\/?p=38038"},"modified":"2016-03-07T23:01:30","modified_gmt":"2016-03-07T22:01:30","slug":"neue-termine-im-internationalen-diabetes-kalender","status":"publish","type":"post","link":"https:\/\/www.diabsite.de\/diabetes-weblog\/2016\/03\/05\/neue-termine-im-internationalen-diabetes-kalender\/","title":{"rendered":"Neue Termine im internationalen Diabetes-Kalender"},"content":{"rendered":"<p>Jeden Monat finden Diabetes-Interessierte auf der DiabSite zahlreiche Hinweise zu Diabetikertagen, Treffen von Selbsthilfegruppen, Kongressen und Symposien. Diabetiker, Angeh\u00f6rige und Diabetes-Experten nutzen diese Veranstaltungen f\u00fcr den Informations- und Erfahrungsaustausch. Zum Beispiel:<\/p>\n<p>&#8211; 14.03.2016 &#8211; <strong>Judenburg, \u00d6sterreich<\/strong> &#8211; Erfahrungsaustausch Diabetes beim Zaumsitz&#8217;n und      Ratsch&#8217;n<br \/>\n&#8211; 09.04.2016 &#8211; <strong>Weiden<\/strong> &#8211; 19. Weidener Diabetikertag<br \/>\n&#8211; 10.05.2016 &#8211; <strong>Barsinghausen<\/strong> &#8211; Bei Diabetes mit Hilfsmitteln abnehmen<\/p>\n<p>Die Termine in unserem internationalen <a href=\"https:\/\/www.diabsite.de\/aktuelles\/termine\/index.html\" target=\"_blank\" class=\"ds\" title=\"neues Fenster\">Diabetes-Kalender<\/a> zeigen Ihnen, wo und wann man sich in Sachen Diabetes trifft. Wer die Angebote nutzt, kann bei pers\u00f6nlichen Treffen Erfahrungen mit anderen austauschen und davon profitieren.<\/p>\n","protected":false},"excerpt":{"rendered":"<p>Jeden Monat finden Diabetes-Interessierte auf der DiabSite zahlreiche Hinweise zu Diabetikertagen, Treffen von Selbsthilfegruppen, Kongressen und Symposien. Diabetiker, Angeh\u00f6rige und Diabetes-Experten nutzen diese Veranstaltungen f\u00fcr den Informations- und Erfahrungsaustausch. Zum Beispiel: &#8211; 14.03.2016 &#8211; Judenburg, \u00d6sterreich &#8211; Erfahrungsaustausch Diabetes beim Zaumsitz&#8217;n und Ratsch&#8217;n &#8211; 09.04.2016 &#8211; Weiden &#8211; 19. Weidener Diabetikertag &#8211; 10.05.2016 &#8211; Barsinghausen [&hellip;]<\/p>\n","protected":false},"author":4,"featured_media":0,"comment_status":"open","ping_status":"closed","sticky":false,"template":"","format":"standard","meta":{"footnotes":""},"categories":[1],"tags":[106,134,717,135,48],"_links":{"self":[{"href":"https:\/\/www.diabsite.de\/diabetes-weblog\/wp-json\/wp\/v2\/posts\/38038"}],"collection":[{"href":"https:\/\/www.diabsite.de\/diabetes-weblog\/wp-json\/wp\/v2\/posts"}],"about":[{"href":"https:\/\/www.diabsite.de\/diabetes-weblog\/wp-json\/wp\/v2\/types\/post"}],"author":[{"embeddable":true,"href":"https:\/\/www.diabsite.de\/diabetes-weblog\/wp-json\/wp\/v2\/users\/4"}],"replies":[{"embeddable":true,"href":"https:\/\/www.diabsite.de\/diabetes-weblog\/wp-json\/wp\/v2\/comments?post=38038"}],"version-history":[{"count":2,"href":"https:\/\/www.diabsite.de\/diabetes-weblog\/wp-json\/wp\/v2\/posts\/38038\/revisions"}],"predecessor-version":[{"id":38040,"href":"https:\/\/www.diabsite.de\/diabetes-weblog\/wp-json\/wp\/v2\/posts\/38038\/revisions\/38040"}],"wp:attachment":[{"href":"https:\/\/www.diabsite.de\/diabetes-weblog\/wp-json\/wp\/v2\/media?parent=38038"}],"wp:term":[{"taxonomy":"category","embeddable":true,"href":"https:\/\/www.diabsite.de\/diabetes-weblog\/wp-json\/wp\/v2\/categories?post=38038"},{"taxonomy":"post_tag","embeddable":true,"href":"https:\/\/www.diabsite.de\/diabetes-weblog\/wp-json\/wp\/v2\/tags?post=38038"}],"curies":[{"name":"wp","href":"https:\/\/api.w.org\/{rel}","templated":true}]}}