{"id":38,"date":"2005-05-06T17:42:10","date_gmt":"2005-05-06T15:42:10","guid":{"rendered":"http:\/\/www.diabsite.de\/diabetes-weblog\/2005\/05\/06\/pressekonferenz-zur-halbzeit-des-diabetes-kongresses-in-berlin\/"},"modified":"2018-12-28T13:00:20","modified_gmt":"2018-12-28T12:00:20","slug":"pressekonferenz-zur-halbzeit-des-diabetes-kongresses-in-berlin","status":"publish","type":"post","link":"https:\/\/www.diabsite.de\/diabetes-weblog\/2005\/05\/06\/pressekonferenz-zur-halbzeit-des-diabetes-kongresses-in-berlin\/","title":{"rendered":"Pressekonferenz zur Halbzeit des Diabetes-Kongresses in Berlin"},"content":{"rendered":"<p><a href=\"https:\/\/www.diabsite.de\/diabetes-weblog\/wp-content\/images\/2005\/050506-ddg-pk.jpg\"><img loading=\"lazy\" decoding=\"async\" class=\"alignright\" src=\"https:\/\/www.diabsite.de\/diabetes-weblog\/wp-content\/images\/2005\/050506-ddg-pk.jpg\" width=\"180\" height=\"52\" alt=\"Halbzeitpressekonferenz\" title=\"Halbzeitpressekonferenz\" \/><\/a>Heute Mittag herrscht gro\u00dfer Andrang zur Pressekonferenz der 40.&nbsp;Jahrestagung der Deutschen Diabetes-Gesellschaft. Der Tagungspr\u00e4sident Prof.&nbsp;Andreas F.H.&nbsp;Pfeiffer referiert die Highlights der Tagung. Es geht um die Pr\u00e4vention des Typ&nbsp;2 Diabetes, sprich um Menschen mit einem hohen Erkrankungsrisiko. Au\u00dferdem halten Prof.&nbsp;Dr.&nbsp;Wieland Kies (Pr\u00e4sident der Deutschen Diabetes-Gesellschaft), Prof.&nbsp;Dr.&nbsp;Wolfgang Kerner (Designierter DDG-Pr\u00e4sident 2005-2007), Prof.&nbsp;Dr.&nbsp;Eberhard Standel (Pr\u00e4sident der Deutschen Diabetes-Union&nbsp;e.V.), Dr.&nbsp;Heinz-J\u00fcrgen R\u00fc\u00dfmann (Vorsitzender der Arbeitsgemeinschaft diabetologisch t\u00e4tiger \u00c4rzte (AND)), Prof.&nbsp;Dr.&nbsp;Stephan Martin, Prof.&nbsp;Dr.&nbsp;Vera Regitz-Zagrosek und Dr.&nbsp;Michael Jecht Kurzreferate. Die einst\u00fcndige Pressekonferenz bietet viele Informationen von vielen Experten. Wir bieten Ihnen diese Texte in K\u00fcrze auf dem Diabetes-Portal DiabSite.<\/p>\n","protected":false},"excerpt":{"rendered":"<p>Heute Mittag herrscht gro\u00dfer Andrang zur Pressekonferenz der 40.&nbsp;Jahrestagung der Deutschen Diabetes-Gesellschaft. Der Tagungspr\u00e4sident Prof.&nbsp;Andreas F.H.&nbsp;Pfeiffer referiert die Highlights der Tagung. Es geht um die Pr\u00e4vention des Typ&nbsp;2 Diabetes, sprich um Menschen mit einem hohen Erkrankungsrisiko. Au\u00dferdem halten Prof.&nbsp;Dr.&nbsp;Wieland Kies (Pr\u00e4sident der Deutschen Diabetes-Gesellschaft), Prof.&nbsp;Dr.&nbsp;Wolfgang Kerner (Designierter DDG-Pr\u00e4sident 2005-2007), Prof.&nbsp;Dr.&nbsp;Eberhard Standel (Pr\u00e4sident der Deutschen Diabetes-Union&nbsp;e.V.), [&hellip;]<\/p>\n","protected":false},"author":4,"featured_media":0,"comment_status":"closed","ping_status":"open","sticky":false,"template":"","format":"standard","meta":{"footnotes":""},"categories":[1],"tags":[],"_links":{"self":[{"href":"https:\/\/www.diabsite.de\/diabetes-weblog\/wp-json\/wp\/v2\/posts\/38"}],"collection":[{"href":"https:\/\/www.diabsite.de\/diabetes-weblog\/wp-json\/wp\/v2\/posts"}],"about":[{"href":"https:\/\/www.diabsite.de\/diabetes-weblog\/wp-json\/wp\/v2\/types\/post"}],"author":[{"embeddable":true,"href":"https:\/\/www.diabsite.de\/diabetes-weblog\/wp-json\/wp\/v2\/users\/4"}],"replies":[{"embeddable":true,"href":"https:\/\/www.diabsite.de\/diabetes-weblog\/wp-json\/wp\/v2\/comments?post=38"}],"version-history":[{"count":4,"href":"https:\/\/www.diabsite.de\/diabetes-weblog\/wp-json\/wp\/v2\/posts\/38\/revisions"}],"predecessor-version":[{"id":49707,"href":"https:\/\/www.diabsite.de\/diabetes-weblog\/wp-json\/wp\/v2\/posts\/38\/revisions\/49707"}],"wp:attachment":[{"href":"https:\/\/www.diabsite.de\/diabetes-weblog\/wp-json\/wp\/v2\/media?parent=38"}],"wp:term":[{"taxonomy":"category","embeddable":true,"href":"https:\/\/www.diabsite.de\/diabetes-weblog\/wp-json\/wp\/v2\/categories?post=38"},{"taxonomy":"post_tag","embeddable":true,"href":"https:\/\/www.diabsite.de\/diabetes-weblog\/wp-json\/wp\/v2\/tags?post=38"}],"curies":[{"name":"wp","href":"https:\/\/api.w.org\/{rel}","templated":true}]}}