{"id":37530,"date":"2016-01-18T15:27:13","date_gmt":"2016-01-18T14:27:13","guid":{"rendered":"http:\/\/www.diabsite.de\/diabetes-weblog\/?p=37530"},"modified":"2016-01-19T19:33:48","modified_gmt":"2016-01-19T18:33:48","slug":"diabetes-aufklaerungsaktion-geht-weiter","status":"publish","type":"post","link":"https:\/\/www.diabsite.de\/diabetes-weblog\/2016\/01\/18\/diabetes-aufklaerungsaktion-geht-weiter\/","title":{"rendered":"Diabetes-Aufkl\u00e4rungsaktion geht weiter"},"content":{"rendered":"<p><a href=\"https:\/\/www.diabsite.de\/aktuelles\/nachrichten\/2016\/160118.html\" target=\"_blank\" class=\"ds\" title=\"zur Nachricht (neues Fenster)\"><img loading=\"lazy\" decoding=\"async\" class=\"alignright\" src=\"https:\/\/www.diabsite.de\/diabetes-weblog\/wp-content\/images\/2016\/logo-g-u-7.png\" width=\"150\" height=\"119\" alt=\"Logo zur bundesweiten Diabetes-Aufkl\u00e4rungsaktion\" \/><\/a> Die bundesweite Aufkl\u00e4rungsaktion &#8222;Wissen was bei Diabetes z\u00e4hlt: Ges\u00fcnder unter&nbsp;7&#8220;, die im Jahr 2005 von Sanofi initiiert wurde, geht in diesem Jahr weiter. Die Ziele der Diabetes-Aktion sind unver\u00e4ndert: Aufkl\u00e4rung rund um die Volkskrankheit und Optimierung der Versorgung bereits erkrankter Patienten. Die Auswertung der Daten aus dem Jahr&nbsp;2015 best\u00e4tigt den dringenden Handlungsbedarf, um Pr\u00e4vention, Fr\u00fcherkennung und Therapieoptimierung weiter zu unterst\u00fctzen. Die n\u00e4chsten Aktionstage finden am 7. und 8.&nbsp;April&nbsp;2016 in Schwerin sowie am 14. und 15.&nbsp;Juli&nbsp;2016 in Schweinfurt statt. <a href=\"https:\/\/www.diabsite.de\/aktuelles\/nachrichten\/2016\/160118.html\" target=\"_blank\" class=\"ds\" title=\"zur Nachricht (neues Fenster)\">Nachricht lesen<\/a><\/p>\n","protected":false},"excerpt":{"rendered":"<p>Die bundesweite Aufkl\u00e4rungsaktion &#8222;Wissen was bei Diabetes z\u00e4hlt: Ges\u00fcnder unter&nbsp;7&#8220;, die im Jahr 2005 von Sanofi initiiert wurde, geht in diesem Jahr weiter. Die Ziele der Diabetes-Aktion sind unver\u00e4ndert: Aufkl\u00e4rung rund um die Volkskrankheit und Optimierung der Versorgung bereits erkrankter Patienten. Die Auswertung der Daten aus dem Jahr&nbsp;2015 best\u00e4tigt den dringenden Handlungsbedarf, um Pr\u00e4vention, Fr\u00fcherkennung [&hellip;]<\/p>\n","protected":false},"author":4,"featured_media":0,"comment_status":"open","ping_status":"closed","sticky":false,"template":"","format":"standard","meta":{"footnotes":""},"categories":[2],"tags":[3823,24,1971,5739],"_links":{"self":[{"href":"https:\/\/www.diabsite.de\/diabetes-weblog\/wp-json\/wp\/v2\/posts\/37530"}],"collection":[{"href":"https:\/\/www.diabsite.de\/diabetes-weblog\/wp-json\/wp\/v2\/posts"}],"about":[{"href":"https:\/\/www.diabsite.de\/diabetes-weblog\/wp-json\/wp\/v2\/types\/post"}],"author":[{"embeddable":true,"href":"https:\/\/www.diabsite.de\/diabetes-weblog\/wp-json\/wp\/v2\/users\/4"}],"replies":[{"embeddable":true,"href":"https:\/\/www.diabsite.de\/diabetes-weblog\/wp-json\/wp\/v2\/comments?post=37530"}],"version-history":[{"count":3,"href":"https:\/\/www.diabsite.de\/diabetes-weblog\/wp-json\/wp\/v2\/posts\/37530\/revisions"}],"predecessor-version":[{"id":37533,"href":"https:\/\/www.diabsite.de\/diabetes-weblog\/wp-json\/wp\/v2\/posts\/37530\/revisions\/37533"}],"wp:attachment":[{"href":"https:\/\/www.diabsite.de\/diabetes-weblog\/wp-json\/wp\/v2\/media?parent=37530"}],"wp:term":[{"taxonomy":"category","embeddable":true,"href":"https:\/\/www.diabsite.de\/diabetes-weblog\/wp-json\/wp\/v2\/categories?post=37530"},{"taxonomy":"post_tag","embeddable":true,"href":"https:\/\/www.diabsite.de\/diabetes-weblog\/wp-json\/wp\/v2\/tags?post=37530"}],"curies":[{"name":"wp","href":"https:\/\/api.w.org\/{rel}","templated":true}]}}