{"id":37291,"date":"2015-12-20T08:47:11","date_gmt":"2015-12-20T07:47:11","guid":{"rendered":"http:\/\/www.diabsite.de\/diabetes-weblog\/?p=37291"},"modified":"2015-12-20T10:00:38","modified_gmt":"2015-12-20T09:00:38","slug":"4-advent-auf-dem-diabetes-portal-diabsite-3","status":"publish","type":"post","link":"https:\/\/www.diabsite.de\/diabetes-weblog\/2015\/12\/20\/4-advent-auf-dem-diabetes-portal-diabsite-3\/","title":{"rendered":"4. Advent auf dem Diabetes-Portal DiabSite"},"content":{"rendered":"<p><a href=\"https:\/\/www.diabsite.de\/aktionen\/advent\/gewinnspiel\/index.html\" target=\"_blank\" class=\"ds\" title=\"neues Fenster\"><img loading=\"lazy\" decoding=\"async\" class=\"alignright\" src=\"https:\/\/www.diabsite.de\/diabetes-weblog\/wp-content\/images\/diabetes\/advent-4.jpg\" width=\"150\" height=\"151\" alt=\"Adventskranz\" \/><\/a> Haben Sie schon die 4. Kerze angez\u00fcndet? Auf dem Diabetes-Portal DiabSite brennt sie seit den fr\u00fchen Morgenstunden und wir haben uns gefragt, wof\u00fcr der Adventskranz mit seinen Kerzen eigentlichen steht. Unsere Recherche ergab, dass wir den Adventskranz dem evangelisch-lutherischen Theologen und Erzieher Johann Hinrich Wichern verdanken. Er k\u00fcmmerte sich um arme Kinder, die in der Adventszeit immer fragten, wann denn nun endlich Weihnachten sei. Da baute er aus einem alten Wagenrad einen Holzkranz mit 20 kleinen Kerzen und vier gro\u00dfen f\u00fcr die Adventssonntage. So konnten die Kinder die Tage bis Weihnachten abz\u00e4hlen. Mehr \u00fcber die Geschichte des Adventskranzes und seine Symbolik finden Sie z.&nbsp;B. bei <a href=\"http:\/\/de.wikipedia.org\/wiki\/Adventskranz\" target=\"_blank\" class=\"extern\" title=\"neues Fenster\">Wikipedia<\/a>. Wir vom Diabetes-Portal DiabSite w\u00fcnschen Ihnen einen sch\u00f6nen und besinnlichen 4. Advent.<\/p>\n","protected":false},"excerpt":{"rendered":"<p>Haben Sie schon die 4. Kerze angez\u00fcndet? Auf dem Diabetes-Portal DiabSite brennt sie seit den fr\u00fchen Morgenstunden und wir haben uns gefragt, wof\u00fcr der Adventskranz mit seinen Kerzen eigentlichen steht. Unsere Recherche ergab, dass wir den Adventskranz dem evangelisch-lutherischen Theologen und Erzieher Johann Hinrich Wichern verdanken. Er k\u00fcmmerte sich um arme Kinder, die in der [&hellip;]<\/p>\n","protected":false},"author":4,"featured_media":0,"comment_status":"open","ping_status":"closed","sticky":false,"template":"","format":"standard","meta":{"footnotes":""},"categories":[1],"tags":[5667,1437,774,3055,1408],"_links":{"self":[{"href":"https:\/\/www.diabsite.de\/diabetes-weblog\/wp-json\/wp\/v2\/posts\/37291"}],"collection":[{"href":"https:\/\/www.diabsite.de\/diabetes-weblog\/wp-json\/wp\/v2\/posts"}],"about":[{"href":"https:\/\/www.diabsite.de\/diabetes-weblog\/wp-json\/wp\/v2\/types\/post"}],"author":[{"embeddable":true,"href":"https:\/\/www.diabsite.de\/diabetes-weblog\/wp-json\/wp\/v2\/users\/4"}],"replies":[{"embeddable":true,"href":"https:\/\/www.diabsite.de\/diabetes-weblog\/wp-json\/wp\/v2\/comments?post=37291"}],"version-history":[{"count":2,"href":"https:\/\/www.diabsite.de\/diabetes-weblog\/wp-json\/wp\/v2\/posts\/37291\/revisions"}],"predecessor-version":[{"id":37293,"href":"https:\/\/www.diabsite.de\/diabetes-weblog\/wp-json\/wp\/v2\/posts\/37291\/revisions\/37293"}],"wp:attachment":[{"href":"https:\/\/www.diabsite.de\/diabetes-weblog\/wp-json\/wp\/v2\/media?parent=37291"}],"wp:term":[{"taxonomy":"category","embeddable":true,"href":"https:\/\/www.diabsite.de\/diabetes-weblog\/wp-json\/wp\/v2\/categories?post=37291"},{"taxonomy":"post_tag","embeddable":true,"href":"https:\/\/www.diabsite.de\/diabetes-weblog\/wp-json\/wp\/v2\/tags?post=37291"}],"curies":[{"name":"wp","href":"https:\/\/api.w.org\/{rel}","templated":true}]}}