{"id":35221,"date":"2015-06-18T18:13:40","date_gmt":"2015-06-18T16:13:40","guid":{"rendered":"http:\/\/www.diabsite.de\/diabetes-weblog\/?p=35221"},"modified":"2015-06-20T21:09:18","modified_gmt":"2015-06-20T19:09:18","slug":"ersatzkassen-zur-verabschiedung-des-praeventionsgesetzes","status":"publish","type":"post","link":"https:\/\/www.diabsite.de\/diabetes-weblog\/2015\/06\/18\/ersatzkassen-zur-verabschiedung-des-praeventionsgesetzes\/","title":{"rendered":"Ersatzkassen zur Verabschiedung des Pr\u00e4ventionsgesetzes"},"content":{"rendered":"<p><a href=\"https:\/\/www.diabsite.de\/aktuelles\/nachrichten\/2015\/150618c.html\" target=\"_blank\" class=\"ds\" title=\"zur Nachricht (neues Fenster)\"><img loading=\"lazy\" decoding=\"async\" class=\"alignright\" src=\"https:\/\/www.diabsite.de\/diabetes-weblog\/wp-content\/images\/2015\/150618c.jpg\" width=\"120\" height=\"159\" alt=\"Ulrike Elsner, Vorstandsvorsitzende des vdek\" \/><\/a> Zur heutigen Verabschiedung des Pr\u00e4ventionsgesetzes in 2. und 3.&nbsp;Lesung im Deutschen Bundestag erkl\u00e4rt Ulrike Elsner, Vorstandsvorsitzende des Verbandes der Ersatzkassen&nbsp;e.&nbsp;V.&nbsp;(vdek): &#8222;Dass das Pr\u00e4ventionsgesetz nun nach mehrmaligen Anl\u00e4ufen im Bundestag verabschiedet werden soll (inzwischen worden ist, Anmerkung der Red.), ist ein gutes Signal. Dies gilt vor allem f\u00fcr die St\u00e4rkung der Pr\u00e4vention in Lebenswelten, den sogenannten Settings wie Kinderg\u00e4rten, Schulen, Pflegeheimen und Betrieben. Die Ersatzkassen werden die damit verbundenen Chancen ergreifen und ihr Engagement in der Pr\u00e4vention und Gesundheitsf\u00f6rderung ausbauen. Gut ist auch, dass die Koalition noch kurzfristig Regelungen zur Verbesserung des Impfschutzes in das Pr\u00e4ventionsgesetz mit aufgenommen hat. <a href=\"https:\/\/www.diabsite.de\/aktuelles\/nachrichten\/2015\/150618c.html\" target=\"_blank\" class=\"ds\" title=\"zur Nachricht (neues Fenster)\">Nachricht lesen<\/a><\/p>\n","protected":false},"excerpt":{"rendered":"<p>Zur heutigen Verabschiedung des Pr\u00e4ventionsgesetzes in 2. und 3.&nbsp;Lesung im Deutschen Bundestag erkl\u00e4rt Ulrike Elsner, Vorstandsvorsitzende des Verbandes der Ersatzkassen&nbsp;e.&nbsp;V.&nbsp;(vdek): &#8222;Dass das Pr\u00e4ventionsgesetz nun nach mehrmaligen Anl\u00e4ufen im Bundestag verabschiedet werden soll (inzwischen worden ist, Anmerkung der Red.), ist ein gutes Signal. Dies gilt vor allem f\u00fcr die St\u00e4rkung der Pr\u00e4vention in Lebenswelten, den sogenannten [&hellip;]<\/p>\n","protected":false},"author":4,"featured_media":0,"comment_status":"open","ping_status":"closed","sticky":false,"template":"","format":"standard","meta":{"footnotes":""},"categories":[2],"tags":[5060,1166,723,5059],"_links":{"self":[{"href":"https:\/\/www.diabsite.de\/diabetes-weblog\/wp-json\/wp\/v2\/posts\/35221"}],"collection":[{"href":"https:\/\/www.diabsite.de\/diabetes-weblog\/wp-json\/wp\/v2\/posts"}],"about":[{"href":"https:\/\/www.diabsite.de\/diabetes-weblog\/wp-json\/wp\/v2\/types\/post"}],"author":[{"embeddable":true,"href":"https:\/\/www.diabsite.de\/diabetes-weblog\/wp-json\/wp\/v2\/users\/4"}],"replies":[{"embeddable":true,"href":"https:\/\/www.diabsite.de\/diabetes-weblog\/wp-json\/wp\/v2\/comments?post=35221"}],"version-history":[{"count":6,"href":"https:\/\/www.diabsite.de\/diabetes-weblog\/wp-json\/wp\/v2\/posts\/35221\/revisions"}],"predecessor-version":[{"id":35233,"href":"https:\/\/www.diabsite.de\/diabetes-weblog\/wp-json\/wp\/v2\/posts\/35221\/revisions\/35233"}],"wp:attachment":[{"href":"https:\/\/www.diabsite.de\/diabetes-weblog\/wp-json\/wp\/v2\/media?parent=35221"}],"wp:term":[{"taxonomy":"category","embeddable":true,"href":"https:\/\/www.diabsite.de\/diabetes-weblog\/wp-json\/wp\/v2\/categories?post=35221"},{"taxonomy":"post_tag","embeddable":true,"href":"https:\/\/www.diabsite.de\/diabetes-weblog\/wp-json\/wp\/v2\/tags?post=35221"}],"curies":[{"name":"wp","href":"https:\/\/api.w.org\/{rel}","templated":true}]}}