{"id":35188,"date":"2015-06-16T14:41:36","date_gmt":"2015-06-16T12:41:36","guid":{"rendered":"http:\/\/www.diabsite.de\/diabetes-weblog\/?p=35188"},"modified":"2015-06-17T22:21:36","modified_gmt":"2015-06-17T20:21:36","slug":"typ-2-diabetes-und-depressionen","status":"publish","type":"post","link":"https:\/\/www.diabsite.de\/diabetes-weblog\/2015\/06\/16\/typ-2-diabetes-und-depressionen\/","title":{"rendered":"Typ-2-Diabetes und Depressionen"},"content":{"rendered":"<p><a href=\"https:\/\/www.diabsite.de\/aktuelles\/nachrichten\/2015\/150616.html\" target=\"_blank\" class=\"ds\" title=\"zur Nachricht (neues Fenster)\"><img loading=\"lazy\" decoding=\"async\" class=\"alignright\" src=\"https:\/\/www.diabsite.de\/diabetes-weblog\/wp-content\/images\/2015\/150616.jpg\" width=\"150\" height=\"113\" alt=\"Typ-2-Diabetes und Depressionen scheinen das Risiko f\u00fcr Demenz zu steigern\" \/><\/a> Wegbereiter f\u00fcr Demenz? Typ-2-Diabetes und Depressionen scheinen das Risiko f\u00fcr Demenz erheblich zu steigern. Neue Hinweise darauf liefert nun eine Studie, der die Gesundheitsdaten von rund 2,4&nbsp;Millionen d\u00e4nischen Frauen und M\u00e4nnern zugrunde liegen. Die Ergebnisse amerikanischer und d\u00e4nischer Wissenschaftler wurden im Fachmagazin &#8218;Jama Psychiatry&#8216; ver\u00f6ffentlicht. <a href=\"https:\/\/www.diabsite.de\/aktuelles\/nachrichten\/2015\/150616.html\" target=\"_blank\" class=\"ds\" title=\"zur Nachricht (neues Fenster)\">Nachricht lesen<\/a><\/p>\n","protected":false},"excerpt":{"rendered":"<p>Wegbereiter f\u00fcr Demenz? Typ-2-Diabetes und Depressionen scheinen das Risiko f\u00fcr Demenz erheblich zu steigern. Neue Hinweise darauf liefert nun eine Studie, der die Gesundheitsdaten von rund 2,4&nbsp;Millionen d\u00e4nischen Frauen und M\u00e4nnern zugrunde liegen. Die Ergebnisse amerikanischer und d\u00e4nischer Wissenschaftler wurden im Fachmagazin &#8218;Jama Psychiatry&#8216; ver\u00f6ffentlicht. Nachricht lesen<\/p>\n","protected":false},"author":4,"featured_media":0,"comment_status":"open","ping_status":"closed","sticky":false,"template":"","format":"standard","meta":{"footnotes":""},"categories":[2],"tags":[522,561,491,92],"_links":{"self":[{"href":"https:\/\/www.diabsite.de\/diabetes-weblog\/wp-json\/wp\/v2\/posts\/35188"}],"collection":[{"href":"https:\/\/www.diabsite.de\/diabetes-weblog\/wp-json\/wp\/v2\/posts"}],"about":[{"href":"https:\/\/www.diabsite.de\/diabetes-weblog\/wp-json\/wp\/v2\/types\/post"}],"author":[{"embeddable":true,"href":"https:\/\/www.diabsite.de\/diabetes-weblog\/wp-json\/wp\/v2\/users\/4"}],"replies":[{"embeddable":true,"href":"https:\/\/www.diabsite.de\/diabetes-weblog\/wp-json\/wp\/v2\/comments?post=35188"}],"version-history":[{"count":3,"href":"https:\/\/www.diabsite.de\/diabetes-weblog\/wp-json\/wp\/v2\/posts\/35188\/revisions"}],"predecessor-version":[{"id":35191,"href":"https:\/\/www.diabsite.de\/diabetes-weblog\/wp-json\/wp\/v2\/posts\/35188\/revisions\/35191"}],"wp:attachment":[{"href":"https:\/\/www.diabsite.de\/diabetes-weblog\/wp-json\/wp\/v2\/media?parent=35188"}],"wp:term":[{"taxonomy":"category","embeddable":true,"href":"https:\/\/www.diabsite.de\/diabetes-weblog\/wp-json\/wp\/v2\/categories?post=35188"},{"taxonomy":"post_tag","embeddable":true,"href":"https:\/\/www.diabsite.de\/diabetes-weblog\/wp-json\/wp\/v2\/tags?post=35188"}],"curies":[{"name":"wp","href":"https:\/\/api.w.org\/{rel}","templated":true}]}}