{"id":35010,"date":"2015-06-04T10:42:27","date_gmt":"2015-06-04T08:42:27","guid":{"rendered":"http:\/\/www.diabsite.de\/diabetes-weblog\/?p=35010"},"modified":"2015-06-05T14:40:22","modified_gmt":"2015-06-05T12:40:22","slug":"bundesapothekerkammer-zum-kabinettsentwurf-des-e-health-gesetzes","status":"publish","type":"post","link":"https:\/\/www.diabsite.de\/diabetes-weblog\/2015\/06\/04\/bundesapothekerkammer-zum-kabinettsentwurf-des-e-health-gesetzes\/","title":{"rendered":"Bundesapothekerkammer zum Kabinettsentwurf des E-Health-Gesetzes"},"content":{"rendered":"<p><a href=\"https:\/\/www.diabsite.de\/aktuelles\/nachrichten\/2015\/150604.html\" target=\"_blank\" class=\"ds\" title=\"zur Nachricht (neues Fenster)\"><img loading=\"lazy\" decoding=\"async\"  class=\"alignright\" src=\"https:\/\/www.diabsite.de\/diabetes-weblog\/wp-content\/images\/2015\/150604.jpg\" width=\"120\" height=\"149\" alt=\"Dr. Andreas Kiefer, Pr\u00e4sident der Bundesapothekerkammer\" \/><\/a> Am Donnerstag den 28.05.2015 wurde der Kabinettsentwurf des E-Health-Gesetzes beschlossen. Einer der Bausteine ist der Medikationsplan. &#8222;So wie der Medikationsplan im Gesetz angelegt ist, kann er nur als Etikettenschwindel bezeichnet werden&#8220;, sagte Dr.&nbsp;Andreas Kiefer, Pr\u00e4sident der Bundesapothekerkammer, anl\u00e4sslich der Er\u00f6ffnung des internationalen Fortbildungskongresses pharmacon. &#8222;Hier sind deutliche Konstruktionsfehler erkennbar, die im Ergebnis zur Verunsicherung der Patienten f\u00fchren, weil Fragen h\u00f6chstens aufgeworfen aber nicht gel\u00f6st werden.&#8220; Zur Verbesserung der Arzneimitteltherapiesicherheit muss in einem vollst\u00e4ndigen Medikationsplan die Selbstmedikation ber\u00fccksichtigt werden. Das hat auch der Deutsche \u00c4rztetag im Mai&nbsp;2015 gefordert. Die Daten der Selbstmedikation liegen aber in der Regel nur in Apotheken vor. Kiefer: &#8222;Es gibt keine strukturelle Einbindung der Apotheken in die Erstellung des Medikationsplans. Deshalb ist der Gesetzentwurf zu kurz gesprungen.&#8220; <a href=\"https:\/\/www.diabsite.de\/aktuelles\/nachrichten\/2015\/150604.html\" target=\"_blank\" class=\"ds\" title=\"zur Nachricht (neues Fenster)\">Nachricht lesen<\/a><\/p>\n","protected":false},"excerpt":{"rendered":"<p>Am Donnerstag den 28.05.2015 wurde der Kabinettsentwurf des E-Health-Gesetzes beschlossen. Einer der Bausteine ist der Medikationsplan. &#8222;So wie der Medikationsplan im Gesetz angelegt ist, kann er nur als Etikettenschwindel bezeichnet werden&#8220;, sagte Dr.&nbsp;Andreas Kiefer, Pr\u00e4sident der Bundesapothekerkammer, anl\u00e4sslich der Er\u00f6ffnung des internationalen Fortbildungskongresses pharmacon. &#8222;Hier sind deutliche Konstruktionsfehler erkennbar, die im Ergebnis zur Verunsicherung der [&hellip;]<\/p>\n","protected":false},"author":4,"featured_media":0,"comment_status":"open","ping_status":"closed","sticky":false,"template":"","format":"standard","meta":{"footnotes":""},"categories":[2],"tags":[5006,5001,5005,1873,5007],"_links":{"self":[{"href":"https:\/\/www.diabsite.de\/diabetes-weblog\/wp-json\/wp\/v2\/posts\/35010"}],"collection":[{"href":"https:\/\/www.diabsite.de\/diabetes-weblog\/wp-json\/wp\/v2\/posts"}],"about":[{"href":"https:\/\/www.diabsite.de\/diabetes-weblog\/wp-json\/wp\/v2\/types\/post"}],"author":[{"embeddable":true,"href":"https:\/\/www.diabsite.de\/diabetes-weblog\/wp-json\/wp\/v2\/users\/4"}],"replies":[{"embeddable":true,"href":"https:\/\/www.diabsite.de\/diabetes-weblog\/wp-json\/wp\/v2\/comments?post=35010"}],"version-history":[{"count":3,"href":"https:\/\/www.diabsite.de\/diabetes-weblog\/wp-json\/wp\/v2\/posts\/35010\/revisions"}],"predecessor-version":[{"id":35020,"href":"https:\/\/www.diabsite.de\/diabetes-weblog\/wp-json\/wp\/v2\/posts\/35010\/revisions\/35020"}],"wp:attachment":[{"href":"https:\/\/www.diabsite.de\/diabetes-weblog\/wp-json\/wp\/v2\/media?parent=35010"}],"wp:term":[{"taxonomy":"category","embeddable":true,"href":"https:\/\/www.diabsite.de\/diabetes-weblog\/wp-json\/wp\/v2\/categories?post=35010"},{"taxonomy":"post_tag","embeddable":true,"href":"https:\/\/www.diabsite.de\/diabetes-weblog\/wp-json\/wp\/v2\/tags?post=35010"}],"curies":[{"name":"wp","href":"https:\/\/api.w.org\/{rel}","templated":true}]}}